{"id":272321,"date":"2020-10-22T10:48:53","date_gmt":"2020-10-22T13:48:53","guid":{"rendered":"https:\/\/notinor.com\/jujuy\/?p=272321"},"modified":"2020-10-22T10:48:59","modified_gmt":"2020-10-22T13:48:59","slug":"abel-pintos-y-mora-calabrese-fueron-padres-nacio-agustin","status":"publish","type":"post","link":"https:\/\/notinor.com\/jujuy\/abel-pintos-y-mora-calabrese-fueron-padres-nacio-agustin\/","title":{"rendered":"Abel Pintos y Mora Calabrese fueron padres: naci\u00f3 Agust\u00edn"},"content":{"rendered":"\n<p>La dulce espera finalmente termin\u00f3 para\u00a0<strong>Abel Pintos y su novia, Mora Calabrese<\/strong>, quienes ayer<strong>\u00a0le dieron la bienvenida a su primer hijo en com\u00fan, Agust\u00edn<\/strong>, seg\u00fan confirm\u00f3 el periodista \u00c1ngel de Brito. El beb\u00e9 naci\u00f3 en una cl\u00ednica privada de\u00a0<strong>Resistencia, Chaco<\/strong>, la ciudad natal de ella.<\/p>\n\n\n\n<figure class=\"wp-block-image alignwide size-large\"><img decoding=\"async\" loading=\"lazy\" width=\"721\" height=\"480\" src=\"https:\/\/notinor.com\/jujuy\/wp-content\/uploads\/2020\/10\/3195499w1033-721x480.jpg\" alt=\"\" class=\"wp-image-272322\" srcset=\"https:\/\/notinor.com\/jujuy\/wp-content\/uploads\/2020\/10\/3195499w1033-721x480.jpg 721w, https:\/\/notinor.com\/jujuy\/wp-content\/uploads\/2020\/10\/3195499w1033-548x365.jpg 548w, https:\/\/notinor.com\/jujuy\/wp-content\/uploads\/2020\/10\/3195499w1033-768x512.jpg 768w, https:\/\/notinor.com\/jujuy\/wp-content\/uploads\/2020\/10\/3195499w1033-750x500.jpg 750w, https:\/\/notinor.com\/jujuy\/wp-content\/uploads\/2020\/10\/3195499w1033.jpg 1033w\" sizes=\"(max-width: 721px) 100vw, 721px\" \/><\/figure>\n\n\n\n<p>Anticipando la llegada del ni\u00f1o, el cantante viaj\u00f3 al litoral a comienzos de octubre y se instal\u00f3 all\u00ed para esperar el nacimiento de su primog\u00e9nito. \"Esperar un hijo o hija te pone todo en una nueva perspectiva. Todo eso que pens\u00e1s que aprendiste se relativiza. Uno espera haber aprendido mucho para poder tomar semejante responsabilidad y a su vez part\u00eds de que vas a aprender much\u00edsimo con esta nueva etapa\",\u00a0hab\u00eda dicho hace unos d\u00edas durante una entrevista en el programa Morfi.<\/p>\n\n\n\n<p>Abel y Mora se conocieron en 2013\u00a0despu\u00e9s de un recital que el cantante brind\u00f3 en Chaco. Ella, quien era fan\u00e1tica de \u00e9l, quiso conocerlo en persona sin saber que el \u00eddolo terminar\u00eda siendo el amor de su vida. Calabrese, de 32 a\u00f1os, es empresaria textil y tiene una hija adolescente de una relaci\u00f3n anterior.<\/p>\n\n\n\n<p>\"No te voy a pinchar con la barba, ni te voy a hacer cosquillas con el bigote. \u00a1C\u00f3mo te estamos esperando chiquito! 'Solo pienso en ti y en la libertad de abrazarte y ya no puedo esperar, a que est\u00e9s aqu\u00ed'\",\u00a0escribi\u00f3 Abel hace una semana\u00a0al compartir una foto de la panza, revelando la ansiedad por tener al beb\u00e9 en brazos.<\/p>\n\n\n\n<p>El m\u00fasico tambi\u00e9n\u00a0le dedic\u00f3 una dulce canci\u00f3n al peque\u00f1o, \"Piedra Libre\", la cual dio a conocer a principios de septiembre. \"Una noche so\u00f1\u00e9 que jugaba a las escondidas con Agust\u00edn. Lo buscaba en los rincones de la casa, pero no lo ve\u00eda. Solo lo escuchaba correr, cambiando de lugar. Siempre sab\u00eda d\u00f3nde estaba, aunque no lo ve\u00eda. Despert\u00e9 con esa sensaci\u00f3n y escrib\u00ed parte de la canci\u00f3n\", cont\u00f3 durante una entrevista.<\/p>\n\n\n\n<p>\"No fue una decisi\u00f3n decir, bueno, voy a ser pap\u00e1 y voy a hacer una canci\u00f3n al respecto que voy a mostrar al p\u00fablico como parte de mi carrera. Fue muy personal. Jam\u00e1s me hubiese imaginado que ser\u00eda un<em>&nbsp;single<\/em>&nbsp;de un disco que ya estaba terminado hace tiempo. De alguna manera tuvimos que abrir el \u00e1lbum para que 'Piedra libre' no solo fuera parte de ese disco, sino que adem\u00e1s se convirtiera en una canci\u00f3n representativa\", explic\u00f3 sobre el tema, que ocupa un lugar m\u00e1s que especial en su lista de \u00e9xitos.<\/p>\n","protected":false},"excerpt":{"rendered":"<p>La dulce espera finalmente termin\u00f3 para\u00a0Abel Pintos y su novia, Mora Calabrese, quienes ayer\u00a0le dieron la bienvenida a su primer hijo en com\u00fan, Agust\u00edn, seg\u00fan confirm\u00f3 el periodista \u00c1ngel de Brito. El beb\u00e9 naci\u00f3 en una cl\u00ednica privada de\u00a0Resistencia, Chaco, la ciudad natal de ella. Anticipando la llegada del ni\u00f1o, el cantante viaj\u00f3 al litoral [&hellip;]<\/p>\n","protected":false},"author":37,"featured_media":272322,"comment_status":"open","ping_status":"open","sticky":false,"template":"","format":"standard","meta":{"_stopmodifiedupdate":false,"_modified_date":"","inline_featured_image":false,"spay_email":"","jetpack_publicize_message":""},"categories":[21],"tags":[],"jetpack_featured_media_url":"https:\/\/notinor.com\/jujuy\/wp-content\/uploads\/2020\/10\/3195499w1033.jpg","jetpack_publicize_connections":[],"_links":{"self":[{"href":"https:\/\/notinor.com\/jujuy\/wp-json\/wp\/v2\/posts\/272321"}],"collection":[{"href":"https:\/\/notinor.com\/jujuy\/wp-json\/wp\/v2\/posts"}],"about":[{"href":"https:\/\/notinor.com\/jujuy\/wp-json\/wp\/v2\/types\/post"}],"author":[{"embeddable":true,"href":"https:\/\/notinor.com\/jujuy\/wp-json\/wp\/v2\/users\/37"}],"replies":[{"embeddable":true,"href":"https:\/\/notinor.com\/jujuy\/wp-json\/wp\/v2\/comments?post=272321"}],"version-history":[{"count":1,"href":"https:\/\/notinor.com\/jujuy\/wp-json\/wp\/v2\/posts\/272321\/revisions"}],"predecessor-version":[{"id":272323,"href":"https:\/\/notinor.com\/jujuy\/wp-json\/wp\/v2\/posts\/272321\/revisions\/272323"}],"wp:featuredmedia":[{"embeddable":true,"href":"https:\/\/notinor.com\/jujuy\/wp-json\/wp\/v2\/media\/272322"}],"wp:attachment":[{"href":"https:\/\/notinor.com\/jujuy\/wp-json\/wp\/v2\/media?parent=272321"}],"wp:term":[{"taxonomy":"category","embeddable":true,"href":"https:\/\/notinor.com\/jujuy\/wp-json\/wp\/v2\/categories?post=272321"},{"taxonomy":"post_tag","embeddable":true,"href":"https:\/\/notinor.com\/jujuy\/wp-json\/wp\/v2\/tags?post=272321"}],"curies":[{"name":"wp","href":"https:\/\/api.w.org\/{rel}","templated":true}]}}