{"id":272300,"date":"2020-10-22T10:01:59","date_gmt":"2020-10-22T13:01:59","guid":{"rendered":"https:\/\/notinor.com\/jujuy\/?p=272300"},"modified":"2020-10-22T10:04:55","modified_gmt":"2020-10-22T13:04:55","slug":"arribo-a-jujuy-el-primer-vuelo-de-cabotaje-protocolos-para-viajar-y-cuantas-frecuencias-semanales-habra","status":"publish","type":"post","link":"https:\/\/notinor.com\/jujuy\/arribo-a-jujuy-el-primer-vuelo-de-cabotaje-protocolos-para-viajar-y-cuantas-frecuencias-semanales-habra\/","title":{"rendered":"Tras el arribo del primer vuelo de cabotaje a Jujuy: protocolos para viajar y cuantas frecuencias semanales habr\u00e1"},"content":{"rendered":"\n<p>Desde Buenos Aires hoy lleg\u00f3 el primer avi\u00f3n al Aeropuerto Internacional Dr. Horacio Guzm\u00e1n. Durante lo que resta del 2020 aumentar\u00e1n las frecuencias y a diferencia de otras provincias, el Test PCR no es un requisito para ingresar.<\/p>\n\n\n\n<div class=\"wp-block-image\"><figure class=\"aligncenter size-large\"><img decoding=\"async\" loading=\"lazy\" width=\"639\" height=\"480\" src=\"https:\/\/notinor.com\/jujuy\/wp-content\/uploads\/2020\/10\/rsz_aeropuerto-cheking-730x548-1-639x480.jpg\" alt=\"\" class=\"wp-image-272302\" srcset=\"https:\/\/notinor.com\/jujuy\/wp-content\/uploads\/2020\/10\/rsz_aeropuerto-cheking-730x548-1-639x480.jpg 639w, https:\/\/notinor.com\/jujuy\/wp-content\/uploads\/2020\/10\/rsz_aeropuerto-cheking-730x548-1-486x365.jpg 486w, https:\/\/notinor.com\/jujuy\/wp-content\/uploads\/2020\/10\/rsz_aeropuerto-cheking-730x548-1.jpg 730w\" sizes=\"(max-width: 639px) 100vw, 639px\" \/><\/figure><\/div>\n\n\n\n<p>Tras mas de siete meses de inactividad por las condiciones sanitarias producto de la pandemia, los vuelos de cabotaje volvieron a operar hoy en la Argentina. El primer arribo a Jujuy lleg\u00f3 desde el Aeropuerto Internacional de Ezeiza.<\/p>\n\n\n\n<p>Por el momento, este medio de transporte estar\u00e1 restringido s\u00f3lo para trabajadores esenciales, que deber\u00e1n cumplir con un protocolo de ingreso a la provincia formulado por el Comit\u00e9 Operativo de Emergencia y que tambi\u00e9n es v\u00e1lido para colectivos y veh\u00edculos particulares. <\/p>\n\n\n\n<h2>PROTOCOLO:<\/h2>\n\n\n\n<figure class=\"wp-block-image\"><img decoding=\"async\" src=\"https:\/\/somosjujuy-wordpress.s3.amazonaws.com\/wp-content\/uploads\/2020\/10\/22070138\/vuelos-01.jpg\" alt=\"\"\/><\/figure>\n\n\n\n<figure class=\"wp-block-image\"><img decoding=\"async\" src=\"https:\/\/somosjujuy-wordpress.s3.amazonaws.com\/wp-content\/uploads\/2020\/10\/22070145\/vuelos-02.jpg\" alt=\"\"\/><\/figure>\n\n\n\n<figure class=\"wp-block-image\"><img decoding=\"async\" src=\"https:\/\/somosjujuy-wordpress.s3.amazonaws.com\/wp-content\/uploads\/2020\/10\/22070151\/vuelos-03.jpg\" alt=\"\"\/><figcaption><br><\/figcaption><\/figure>\n\n\n\n<h2>FRECUENCIAS:<\/h2>\n\n\n\n<p>Durante lo que resta del mes de octubre se mantendr\u00e1 la frecuencia, es decir que el jueves 29 habr\u00e1 otro vuelo. A partir de noviembre por semana ser\u00e1n 4 viajes y operar\u00e1 la empresa Aerol\u00edneas Argentinas.&nbsp;<\/p>\n\n\n\n<p>En diciembre habrr\u00e1 4 frecuencias semanales de Aerol\u00edneas Argentinas, a las que se sumar\u00e1n otras 4 que operar\u00e1 la empresa Flybondi.<\/p>\n","protected":false},"excerpt":{"rendered":"<p>Desde Buenos Aires hoy lleg\u00f3 el primer avi\u00f3n al Aeropuerto Internacional Dr. Horacio Guzm\u00e1n. Durante lo que resta del 2020 aumentar\u00e1n las frecuencias y a diferencia de otras provincias, el Test PCR no es un requisito para ingresar. Tras mas de siete meses de inactividad por las condiciones sanitarias producto de la pandemia, los vuelos [&hellip;]<\/p>\n","protected":false},"author":37,"featured_media":272302,"comment_status":"open","ping_status":"open","sticky":false,"template":"","format":"standard","meta":{"_stopmodifiedupdate":false,"_modified_date":"","inline_featured_image":false,"spay_email":"","jetpack_publicize_message":""},"categories":[2],"tags":[],"jetpack_featured_media_url":"https:\/\/notinor.com\/jujuy\/wp-content\/uploads\/2020\/10\/rsz_aeropuerto-cheking-730x548-1.jpg","jetpack_publicize_connections":[],"_links":{"self":[{"href":"https:\/\/notinor.com\/jujuy\/wp-json\/wp\/v2\/posts\/272300"}],"collection":[{"href":"https:\/\/notinor.com\/jujuy\/wp-json\/wp\/v2\/posts"}],"about":[{"href":"https:\/\/notinor.com\/jujuy\/wp-json\/wp\/v2\/types\/post"}],"author":[{"embeddable":true,"href":"https:\/\/notinor.com\/jujuy\/wp-json\/wp\/v2\/users\/37"}],"replies":[{"embeddable":true,"href":"https:\/\/notinor.com\/jujuy\/wp-json\/wp\/v2\/comments?post=272300"}],"version-history":[{"count":2,"href":"https:\/\/notinor.com\/jujuy\/wp-json\/wp\/v2\/posts\/272300\/revisions"}],"predecessor-version":[{"id":272306,"href":"https:\/\/notinor.com\/jujuy\/wp-json\/wp\/v2\/posts\/272300\/revisions\/272306"}],"wp:featuredmedia":[{"embeddable":true,"href":"https:\/\/notinor.com\/jujuy\/wp-json\/wp\/v2\/media\/272302"}],"wp:attachment":[{"href":"https:\/\/notinor.com\/jujuy\/wp-json\/wp\/v2\/media?parent=272300"}],"wp:term":[{"taxonomy":"category","embeddable":true,"href":"https:\/\/notinor.com\/jujuy\/wp-json\/wp\/v2\/categories?post=272300"},{"taxonomy":"post_tag","embeddable":true,"href":"https:\/\/notinor.com\/jujuy\/wp-json\/wp\/v2\/tags?post=272300"}],"curies":[{"name":"wp","href":"https:\/\/api.w.org\/{rel}","templated":true}]}}