{"id":272296,"date":"2020-10-22T09:42:45","date_gmt":"2020-10-22T12:42:45","guid":{"rendered":"https:\/\/notinor.com\/jujuy\/?p=272296"},"modified":"2020-10-22T09:42:50","modified_gmt":"2020-10-22T12:42:50","slug":"arribo-el-primer-vuelo-de-cabotaje-a-jujuy","status":"publish","type":"post","link":"https:\/\/notinor.com\/jujuy\/arribo-el-primer-vuelo-de-cabotaje-a-jujuy\/","title":{"rendered":"Arrib\u00f3 el primer vuelo de cabotaje a Jujuy"},"content":{"rendered":"\n<p>Luego de 7 meses de inactividad, el aeropuerto \"Dr. Horacio Guzm\u00e1n\" recibi\u00f3 a los primeros trabajadores esenciales en arribar por aire.<\/p>\n\n\n\n<figure class=\"wp-block-image size-large\"><img decoding=\"async\" loading=\"lazy\" width=\"840\" height=\"480\" src=\"https:\/\/notinor.com\/jujuy\/wp-content\/uploads\/2020\/10\/1603366119986-840x480.jpg\" alt=\"\" class=\"wp-image-272299\" srcset=\"https:\/\/notinor.com\/jujuy\/wp-content\/uploads\/2020\/10\/1603366119986-840x480.jpg 840w, https:\/\/notinor.com\/jujuy\/wp-content\/uploads\/2020\/10\/1603366119986-638x365.jpg 638w, https:\/\/notinor.com\/jujuy\/wp-content\/uploads\/2020\/10\/1603366119986-768x439.jpg 768w, https:\/\/notinor.com\/jujuy\/wp-content\/uploads\/2020\/10\/1603366119986-750x429.jpg 750w, https:\/\/notinor.com\/jujuy\/wp-content\/uploads\/2020\/10\/1603366119986.jpg 960w\" sizes=\"(max-width: 840px) 100vw, 840px\" \/><\/figure>\n\n\n\n<p>Finalmente tras 7 meses de inactividad, la provincia de Jujuy volvi\u00f3 a recibir vuelos con regularidad. Hoy, a eso de las 7:30, arrib\u00f3 el primer avi\u00f3n de Aerol\u00edneas Argentinas con 75 trabajadores esenciales. <\/p>\n\n\n\n<p>La aeronave parti\u00f3 desde el aeropuerto de Ezeiza alrededor de las 5:30 de la madrugada de hoy. El pr\u00f3ximo jueves ya est\u00e1 confirmado el arribo del segundo vuelo de cabotaje, aunque el gobernador Gerardo Morales anunci\u00f3 que intentar\u00e1 ampliar la frecuencia a dos vuelos semanales antes de finalizar octubre. <\/p>\n\n\n\n<p>A partir de noviembre las frecuencias semanales en Jujuy ser\u00e1n 4, tambi\u00e9n de la empresa Aerol\u00edneas Argentinas. En tanto, diciembre tendr\u00e1 4 frecuencias semanales de Aerol\u00edneas Argentinas, a las que se sumar\u00e1n otras 4 que operar\u00e1 la empresa Flybondi.<\/p>\n\n\n\n<p>Es importante destacar que todas las personas que arriben a Jujuy por v\u00eda a\u00e9rea no necesitar\u00e1n contar con un test de coronavirus ni se les har\u00e1 uno al ingresar, sin embargo deber\u00e1n tener instalada la aplicaci\u00f3n CUIDAR y ser\u00e1n seguidos de cerca por un equipo de telemedicina. <\/p>\n","protected":false},"excerpt":{"rendered":"<p>Luego de 7 meses de inactividad, el aeropuerto \"Dr. Horacio Guzm\u00e1n\" recibi\u00f3 a los primeros trabajadores esenciales en arribar por aire. Finalmente tras 7 meses de inactividad, la provincia de Jujuy volvi\u00f3 a recibir vuelos con regularidad. Hoy, a eso de las 7:30, arrib\u00f3 el primer avi\u00f3n de Aerol\u00edneas Argentinas con 75 trabajadores esenciales. La [&hellip;]<\/p>\n","protected":false},"author":1,"featured_media":272299,"comment_status":"open","ping_status":"open","sticky":false,"template":"","format":"standard","meta":{"_stopmodifiedupdate":false,"_modified_date":"","inline_featured_image":false,"spay_email":"","jetpack_publicize_message":""},"categories":[2],"tags":[],"jetpack_featured_media_url":"https:\/\/notinor.com\/jujuy\/wp-content\/uploads\/2020\/10\/1603366119986.jpg","jetpack_publicize_connections":[],"_links":{"self":[{"href":"https:\/\/notinor.com\/jujuy\/wp-json\/wp\/v2\/posts\/272296"}],"collection":[{"href":"https:\/\/notinor.com\/jujuy\/wp-json\/wp\/v2\/posts"}],"about":[{"href":"https:\/\/notinor.com\/jujuy\/wp-json\/wp\/v2\/types\/post"}],"author":[{"embeddable":true,"href":"https:\/\/notinor.com\/jujuy\/wp-json\/wp\/v2\/users\/1"}],"replies":[{"embeddable":true,"href":"https:\/\/notinor.com\/jujuy\/wp-json\/wp\/v2\/comments?post=272296"}],"version-history":[{"count":1,"href":"https:\/\/notinor.com\/jujuy\/wp-json\/wp\/v2\/posts\/272296\/revisions"}],"predecessor-version":[{"id":272301,"href":"https:\/\/notinor.com\/jujuy\/wp-json\/wp\/v2\/posts\/272296\/revisions\/272301"}],"wp:featuredmedia":[{"embeddable":true,"href":"https:\/\/notinor.com\/jujuy\/wp-json\/wp\/v2\/media\/272299"}],"wp:attachment":[{"href":"https:\/\/notinor.com\/jujuy\/wp-json\/wp\/v2\/media?parent=272296"}],"wp:term":[{"taxonomy":"category","embeddable":true,"href":"https:\/\/notinor.com\/jujuy\/wp-json\/wp\/v2\/categories?post=272296"},{"taxonomy":"post_tag","embeddable":true,"href":"https:\/\/notinor.com\/jujuy\/wp-json\/wp\/v2\/tags?post=272296"}],"curies":[{"name":"wp","href":"https:\/\/api.w.org\/{rel}","templated":true}]}}