{"id":272266,"date":"2020-10-21T21:29:51","date_gmt":"2020-10-22T00:29:51","guid":{"rendered":"https:\/\/notinor.com\/jujuy\/?p=272266"},"modified":"2020-10-21T21:31:31","modified_gmt":"2020-10-22T00:31:31","slug":"desde-manana-se-permitiran-las-visitas-en-el-servicio-penitenciario","status":"publish","type":"post","link":"https:\/\/notinor.com\/jujuy\/desde-manana-se-permitiran-las-visitas-en-el-servicio-penitenciario\/","title":{"rendered":"Desde ma\u00f1ana se permitir\u00e1n las visitas en el Servicio Penitenciario"},"content":{"rendered":"\n<p>A ra\u00edz del pedido de familiares y del Jefe del Servicio, a partir de ma\u00f1ana estar\u00e1n permitidas las visitas a reclusos.<\/p>\n\n\n\n<figure class=\"wp-block-image size-large\"><img decoding=\"async\" loading=\"lazy\" width=\"840\" height=\"473\" src=\"https:\/\/notinor.com\/jujuy\/wp-content\/uploads\/2020\/08\/Penal-de-gorriti-840x473.jpeg\" alt=\"\" class=\"wp-image-257201\" srcset=\"https:\/\/notinor.com\/jujuy\/wp-content\/uploads\/2020\/08\/Penal-de-gorriti-840x473.jpeg 840w, https:\/\/notinor.com\/jujuy\/wp-content\/uploads\/2020\/08\/Penal-de-gorriti-648x365.jpeg 648w, https:\/\/notinor.com\/jujuy\/wp-content\/uploads\/2020\/08\/Penal-de-gorriti-768x432.jpeg 768w, https:\/\/notinor.com\/jujuy\/wp-content\/uploads\/2020\/08\/Penal-de-gorriti-750x422.jpeg 750w, https:\/\/notinor.com\/jujuy\/wp-content\/uploads\/2020\/08\/Penal-de-gorriti.jpeg 1032w\" sizes=\"(max-width: 840px) 100vw, 840px\" \/><\/figure>\n\n\n\n<p>Con la baja en la curva de contagios se fueron permitiendo diversas actividades en la provincia, en este momento Jujuy atraviesa un alivio sanitario y de a poco encamina su rumbo a la \"normalidad\".<\/p>\n\n\n\n<p>En ese marco, el ministro de Seguridad, Ekel Meyer, anunci\u00f3 el <strong>retorno de las visitas al Servicio Penitenciario<\/strong>: \"A trav\u00e9s del Jefe y del Sub-Jefe del Servicio nos acercaron un pedido de los familiares de reclusos\", agreg\u00f3 luego que las autoridades penitenciarias \"pidieron el permiso con el protocolo correspondiente al COE y a partir de ma\u00f1ana se permitir\u00e1n las visitas\".<\/p>\n\n\n\n<p>\"Nosotros presenciamos la ejecuci\u00f3n de protocolo de seguridad junto al doctor Omar Guti\u00e9rrez, vimos c\u00f3mo se van a atender\", explic\u00f3 el titular de la cartera de seguridad de la provincia. \"Hasta aqu\u00ed llevamos una silenciosa pero importante tarea en el Servicio Penitenciario con una baja tasa de casos que esperamos que siga as\u00ed\".<\/p>\n\n\n\n<p>Por \u00faltimo, el Ministro reafirm\u00f3 que se cumplir\u00e1 estrictamente un protocolo acorde a las visitas, respetando principalmente el distanciamiento social, y que se aplicar\u00e1 en las siete unidades penitenciarias que posee la provincia.<\/p>\n\n\n\n<p>Asimismo, Meyer agradeci\u00f3 al Ministerio de Salud por permitir nuevamente las visitas y por el montaje del Hospital de Campa\u00f1a del Servicio Penitenciario, que de ahora en adelante se mantendr\u00e1 para atender otras patolog\u00edas no COVID.<\/p>\n","protected":false},"excerpt":{"rendered":"<p>A ra\u00edz del pedido de familiares y del Jefe del Servicio, a partir de ma\u00f1ana estar\u00e1n permitidas las visitas a reclusos. Con la baja en la curva de contagios se fueron permitiendo diversas actividades en la provincia, en este momento Jujuy atraviesa un alivio sanitario y de a poco encamina su rumbo a la \"normalidad\". [&hellip;]<\/p>\n","protected":false},"author":1,"featured_media":257201,"comment_status":"open","ping_status":"open","sticky":false,"template":"","format":"standard","meta":{"_stopmodifiedupdate":false,"_modified_date":"","inline_featured_image":false,"spay_email":"","jetpack_publicize_message":""},"categories":[2],"tags":[],"jetpack_featured_media_url":"https:\/\/notinor.com\/jujuy\/wp-content\/uploads\/2020\/08\/Penal-de-gorriti.jpeg","jetpack_publicize_connections":[],"_links":{"self":[{"href":"https:\/\/notinor.com\/jujuy\/wp-json\/wp\/v2\/posts\/272266"}],"collection":[{"href":"https:\/\/notinor.com\/jujuy\/wp-json\/wp\/v2\/posts"}],"about":[{"href":"https:\/\/notinor.com\/jujuy\/wp-json\/wp\/v2\/types\/post"}],"author":[{"embeddable":true,"href":"https:\/\/notinor.com\/jujuy\/wp-json\/wp\/v2\/users\/1"}],"replies":[{"embeddable":true,"href":"https:\/\/notinor.com\/jujuy\/wp-json\/wp\/v2\/comments?post=272266"}],"version-history":[{"count":2,"href":"https:\/\/notinor.com\/jujuy\/wp-json\/wp\/v2\/posts\/272266\/revisions"}],"predecessor-version":[{"id":272269,"href":"https:\/\/notinor.com\/jujuy\/wp-json\/wp\/v2\/posts\/272266\/revisions\/272269"}],"wp:featuredmedia":[{"embeddable":true,"href":"https:\/\/notinor.com\/jujuy\/wp-json\/wp\/v2\/media\/257201"}],"wp:attachment":[{"href":"https:\/\/notinor.com\/jujuy\/wp-json\/wp\/v2\/media?parent=272266"}],"wp:term":[{"taxonomy":"category","embeddable":true,"href":"https:\/\/notinor.com\/jujuy\/wp-json\/wp\/v2\/categories?post=272266"},{"taxonomy":"post_tag","embeddable":true,"href":"https:\/\/notinor.com\/jujuy\/wp-json\/wp\/v2\/tags?post=272266"}],"curies":[{"name":"wp","href":"https:\/\/api.w.org\/{rel}","templated":true}]}}