{"id":272263,"date":"2020-10-21T20:57:51","date_gmt":"2020-10-21T23:57:51","guid":{"rendered":"https:\/\/notinor.com\/jujuy\/?p=272263"},"modified":"2020-10-21T20:57:57","modified_gmt":"2020-10-21T23:57:57","slug":"personas-en-situacion-de-vulnerabilidad-son-asistidas","status":"publish","type":"post","link":"https:\/\/notinor.com\/jujuy\/personas-en-situacion-de-vulnerabilidad-son-asistidas\/","title":{"rendered":"Personas en situaci\u00f3n de vulnerabilidad son asistidas"},"content":{"rendered":"\n<p>Desde el gobierno se lleva a cabo un plan de acci\u00f3n integral. <\/p>\n\n\n\n<figure class=\"wp-block-image size-large\"><img decoding=\"async\" loading=\"lazy\" width=\"640\" height=\"480\" src=\"https:\/\/notinor.com\/jujuy\/wp-content\/uploads\/2020\/10\/IMG-20201021-WA0047-768x576-1-640x480.jpg\" alt=\"\" class=\"wp-image-272264\" srcset=\"https:\/\/notinor.com\/jujuy\/wp-content\/uploads\/2020\/10\/IMG-20201021-WA0047-768x576-1-640x480.jpg 640w, https:\/\/notinor.com\/jujuy\/wp-content\/uploads\/2020\/10\/IMG-20201021-WA0047-768x576-1-487x365.jpg 487w, https:\/\/notinor.com\/jujuy\/wp-content\/uploads\/2020\/10\/IMG-20201021-WA0047-768x576-1-750x563.jpg 750w, https:\/\/notinor.com\/jujuy\/wp-content\/uploads\/2020\/10\/IMG-20201021-WA0047-768x576-1.jpg 768w\" sizes=\"(max-width: 640px) 100vw, 640px\" \/><\/figure>\n\n\n\n<p>El Ministerio de Desarrollo Humano en el marco del Plan de Acci\u00f3n Integral de Personas con Discapacidad, brindo asistencia alimentaria \u00a0a trav\u00e9s de la Direcci\u00f3n Provincial de Inclusi\u00f3n de Personas con Discapacidad, despu\u00e9s de haber recepcionado los casos y realizado un abordaje integral.<\/p>\n\n\n\n<p>La instituci\u00f3n contin\u00faa as\u00ed \u00a0asistiendo a las personas en mayor situaci\u00f3n de vulnerabilidad contemplando el cumplimiento de las medidas de bioseguidad en el contexto de pandemia, priorizando la salud de todas las personas.<\/p>\n","protected":false},"excerpt":{"rendered":"<p>Desde el gobierno se lleva a cabo un plan de acci\u00f3n integral. El Ministerio de Desarrollo Humano en el marco del Plan de Acci\u00f3n Integral de Personas con Discapacidad, brindo asistencia alimentaria \u00a0a trav\u00e9s de la Direcci\u00f3n Provincial de Inclusi\u00f3n de Personas con Discapacidad, despu\u00e9s de haber recepcionado los casos y realizado un abordaje integral. [&hellip;]<\/p>\n","protected":false},"author":37,"featured_media":272264,"comment_status":"open","ping_status":"open","sticky":false,"template":"","format":"standard","meta":{"_stopmodifiedupdate":false,"_modified_date":"","inline_featured_image":false,"spay_email":"","jetpack_publicize_message":""},"categories":[13],"tags":[],"jetpack_featured_media_url":"https:\/\/notinor.com\/jujuy\/wp-content\/uploads\/2020\/10\/IMG-20201021-WA0047-768x576-1.jpg","jetpack_publicize_connections":[],"_links":{"self":[{"href":"https:\/\/notinor.com\/jujuy\/wp-json\/wp\/v2\/posts\/272263"}],"collection":[{"href":"https:\/\/notinor.com\/jujuy\/wp-json\/wp\/v2\/posts"}],"about":[{"href":"https:\/\/notinor.com\/jujuy\/wp-json\/wp\/v2\/types\/post"}],"author":[{"embeddable":true,"href":"https:\/\/notinor.com\/jujuy\/wp-json\/wp\/v2\/users\/37"}],"replies":[{"embeddable":true,"href":"https:\/\/notinor.com\/jujuy\/wp-json\/wp\/v2\/comments?post=272263"}],"version-history":[{"count":1,"href":"https:\/\/notinor.com\/jujuy\/wp-json\/wp\/v2\/posts\/272263\/revisions"}],"predecessor-version":[{"id":272265,"href":"https:\/\/notinor.com\/jujuy\/wp-json\/wp\/v2\/posts\/272263\/revisions\/272265"}],"wp:featuredmedia":[{"embeddable":true,"href":"https:\/\/notinor.com\/jujuy\/wp-json\/wp\/v2\/media\/272264"}],"wp:attachment":[{"href":"https:\/\/notinor.com\/jujuy\/wp-json\/wp\/v2\/media?parent=272263"}],"wp:term":[{"taxonomy":"category","embeddable":true,"href":"https:\/\/notinor.com\/jujuy\/wp-json\/wp\/v2\/categories?post=272263"},{"taxonomy":"post_tag","embeddable":true,"href":"https:\/\/notinor.com\/jujuy\/wp-json\/wp\/v2\/tags?post=272263"}],"curies":[{"name":"wp","href":"https:\/\/api.w.org\/{rel}","templated":true}]}}