{"id":272257,"date":"2020-10-21T20:41:10","date_gmt":"2020-10-21T23:41:10","guid":{"rendered":"https:\/\/notinor.com\/jujuy\/?p=272257"},"modified":"2020-10-21T20:41:22","modified_gmt":"2020-10-21T23:41:22","slug":"una-familia-que-perdio-todo-en-un-incendio-recibio-asistencia-directa","status":"publish","type":"post","link":"https:\/\/notinor.com\/jujuy\/una-familia-que-perdio-todo-en-un-incendio-recibio-asistencia-directa\/","title":{"rendered":"Una familia que perdi\u00f3 todo en un incendio recibi\u00f3 asistencia directa"},"content":{"rendered":"\n<p>El Ministerio de Desarrollo Humano, a trav\u00e9s de la Secretar\u00eda de Asistencia Directa y Calidad y la Direcci\u00f3n de Inclusi\u00f3n de Personas con Discapacidad, atendi\u00f3 con mobiliario y elementos de primera necesidad a una familia en situaci\u00f3n de vulnerabilidad del asentamiento Snopek de San Pablo de Reyes que d\u00edas atr\u00e1s sufri\u00f3 el incendio de su vivienda<\/p>\n\n\n\n<figure class=\"wp-block-image size-large\"><img decoding=\"async\" loading=\"lazy\" width=\"640\" height=\"480\" src=\"https:\/\/notinor.com\/jujuy\/wp-content\/uploads\/2020\/10\/bdebe609-efa7-44c7-a2c4-83513521692e-768x576-1-640x480.jpg\" alt=\"\" class=\"wp-image-272258\" srcset=\"https:\/\/notinor.com\/jujuy\/wp-content\/uploads\/2020\/10\/bdebe609-efa7-44c7-a2c4-83513521692e-768x576-1-640x480.jpg 640w, https:\/\/notinor.com\/jujuy\/wp-content\/uploads\/2020\/10\/bdebe609-efa7-44c7-a2c4-83513521692e-768x576-1-487x365.jpg 487w, https:\/\/notinor.com\/jujuy\/wp-content\/uploads\/2020\/10\/bdebe609-efa7-44c7-a2c4-83513521692e-768x576-1-750x563.jpg 750w, https:\/\/notinor.com\/jujuy\/wp-content\/uploads\/2020\/10\/bdebe609-efa7-44c7-a2c4-83513521692e-768x576-1.jpg 768w\" sizes=\"(max-width: 640px) 100vw, 640px\" \/><\/figure>\n\n\n\n<p>Desde la Direcci\u00f3n de Asistencia Directa y Emergencias se\u00f1alaron que el d\u00eda que se produjo el siniestro en el domicilio, equipos t\u00e9cnicos de ambas dependencias de la cartera provincial, en conjunto con personal de la Municipalidad de Yala, visitaron el domicilio para realizar el relevamiento de da\u00f1os materiales producidos por el fuego, siguiendo las directivas de la Ministra Natalia Sarapura de ayudar a las familias ante cualquier emergencia.<\/p>\n\n\n\n<p>Luego de una primera asistencia con insumos de primera necesidad, desde el municipio se envi\u00f3 a un arquitecto para avanzar en el arreglo de las habitaciones incendiadas. Una vez terminadas estas tareas de limpieza y los espacios se reacondicionaron, se pudo completar la entrega del mobiliario b\u00e1sico y otros elementos.<\/p>\n\n\n\n<p>Desde Desarrollo Humano se entreg\u00f3 a la familia afectada camas, colchones, frazadas, chapas, entre otros, que van a permitir que las personas puedan ir retomando su d\u00eda a d\u00eda y mejorando sus condiciones de vida.<\/p>\n\n\n\n<p>Asimismo, una vez realizada la evaluaci\u00f3n de la situaci\u00f3n familiar por parte de los profesionales del Ministerio y confeccionados los informes socioambientales, se articula con otras a\u00e9reas del Estado Provincial y del municipio para brindar soluciones integrales a las problem\u00e1ticas del grupo familiar.<\/p>\n\n\n\n<p>Finalmente, desde la Direcci\u00f3n de Asistencia Directa y Emergencias se record\u00f3 nuevamente a toda la sociedad tomar medidas preventivas necesarias para evitar los incendios en los hogares.<\/p>\n\n\n\n<p>Recomendaciones<\/p>\n\n\n\n<p>Para evitar los incendios, desde este organismo provincial se record\u00f3 que las instalaciones el\u00e9ctricas se tienen que revisar peri\u00f3dicamente, comprobar si hay cables pelados o mal aislados y tomarse un tiempo para ponerlos en condiciones, evitando realizar empalmes provisionales o sobrecargar los enchufes. Tampoco hay que dejar conectados los cargadores de los celulares, ya que al sobrecalentarse provocan cortocircuitos, y tener cuidado en el uso de los microondas.<\/p>\n\n\n\n<p>Tambi\u00e9n se debe tener cuidado con el manejo los braseros, estufas, hornallas, hornos, f\u00f3sforos, planchas, encendedores, sahumerios y todos aquellos elementos candentes. Las velas no deben quedar desatendidas ya que son una de las principales causas de incendios.<\/p>\n\n\n\n<p>Ni\u00f1as y ni\u00f1os no tienen que quedar solos en las viviendas y deben jugar lejos de la cocina, de los artefactos de calefacci\u00f3n y de llama, para resguardar su seguridad.<\/p>\n","protected":false},"excerpt":{"rendered":"<p>El Ministerio de Desarrollo Humano, a trav\u00e9s de la Secretar\u00eda de Asistencia Directa y Calidad y la Direcci\u00f3n de Inclusi\u00f3n de Personas con Discapacidad, atendi\u00f3 con mobiliario y elementos de primera necesidad a una familia en situaci\u00f3n de vulnerabilidad del asentamiento Snopek de San Pablo de Reyes que d\u00edas atr\u00e1s sufri\u00f3 el incendio de su [&hellip;]<\/p>\n","protected":false},"author":37,"featured_media":272258,"comment_status":"open","ping_status":"open","sticky":false,"template":"","format":"standard","meta":{"_stopmodifiedupdate":false,"_modified_date":"","inline_featured_image":false,"spay_email":"","jetpack_publicize_message":""},"categories":[13],"tags":[],"jetpack_featured_media_url":"https:\/\/notinor.com\/jujuy\/wp-content\/uploads\/2020\/10\/bdebe609-efa7-44c7-a2c4-83513521692e-768x576-1.jpg","jetpack_publicize_connections":[],"_links":{"self":[{"href":"https:\/\/notinor.com\/jujuy\/wp-json\/wp\/v2\/posts\/272257"}],"collection":[{"href":"https:\/\/notinor.com\/jujuy\/wp-json\/wp\/v2\/posts"}],"about":[{"href":"https:\/\/notinor.com\/jujuy\/wp-json\/wp\/v2\/types\/post"}],"author":[{"embeddable":true,"href":"https:\/\/notinor.com\/jujuy\/wp-json\/wp\/v2\/users\/37"}],"replies":[{"embeddable":true,"href":"https:\/\/notinor.com\/jujuy\/wp-json\/wp\/v2\/comments?post=272257"}],"version-history":[{"count":1,"href":"https:\/\/notinor.com\/jujuy\/wp-json\/wp\/v2\/posts\/272257\/revisions"}],"predecessor-version":[{"id":272259,"href":"https:\/\/notinor.com\/jujuy\/wp-json\/wp\/v2\/posts\/272257\/revisions\/272259"}],"wp:featuredmedia":[{"embeddable":true,"href":"https:\/\/notinor.com\/jujuy\/wp-json\/wp\/v2\/media\/272258"}],"wp:attachment":[{"href":"https:\/\/notinor.com\/jujuy\/wp-json\/wp\/v2\/media?parent=272257"}],"wp:term":[{"taxonomy":"category","embeddable":true,"href":"https:\/\/notinor.com\/jujuy\/wp-json\/wp\/v2\/categories?post=272257"},{"taxonomy":"post_tag","embeddable":true,"href":"https:\/\/notinor.com\/jujuy\/wp-json\/wp\/v2\/tags?post=272257"}],"curies":[{"name":"wp","href":"https:\/\/api.w.org\/{rel}","templated":true}]}}