{"id":272243,"date":"2020-10-21T20:24:17","date_gmt":"2020-10-21T23:24:17","guid":{"rendered":"https:\/\/notinor.com\/jujuy\/?p=272243"},"modified":"2020-10-21T20:24:21","modified_gmt":"2020-10-21T23:24:21","slug":"vuelve-la-fiesta-de-la-cerveza-artesanal-a-perico","status":"publish","type":"post","link":"https:\/\/notinor.com\/jujuy\/vuelve-la-fiesta-de-la-cerveza-artesanal-a-perico\/","title":{"rendered":"Vuelve la Fiesta de la Cerveza Artesanal a Perico"},"content":{"rendered":"\n<p>Ser\u00e1 este s\u00e1bado en el Club Talleres de Perico, habr\u00e1 patio gastron\u00f3mico y shows musicales en vivo.<\/p>\n\n\n\n<figure class=\"wp-block-image size-large\"><img decoding=\"async\" loading=\"lazy\" width=\"638\" height=\"480\" src=\"https:\/\/notinor.com\/jujuy\/wp-content\/uploads\/2020\/10\/cerveza-artesanal-638x480.jpg\" alt=\"\" class=\"wp-image-272247\" srcset=\"https:\/\/notinor.com\/jujuy\/wp-content\/uploads\/2020\/10\/cerveza-artesanal-638x480.jpg 638w, https:\/\/notinor.com\/jujuy\/wp-content\/uploads\/2020\/10\/cerveza-artesanal-485x365.jpg 485w, https:\/\/notinor.com\/jujuy\/wp-content\/uploads\/2020\/10\/cerveza-artesanal.jpg 673w\" sizes=\"(max-width: 638px) 100vw, 638px\" \/><\/figure>\n\n\n\n<p><strong>Este s\u00e1bado 24 a partir de las 18 hasta las 23 en el Club Talleres de Perico<\/strong> se realizar\u00e1 una nueva edici\u00f3n de la Fiesta de la Cerveza Artesanal y Patio Gastron\u00f3mico, adem\u00e1s se podr\u00e1 disfrutar de m\u00fasica en vivo.<\/p>\n\n\n\n<p>Sergio R\u00edos, director de Turismo del municipio local es el encargado de la organizaci\u00f3n del evento, al respecto coment\u00f3: \u201cEn el mes de marzo ya realizamos este festival y a pesar que esa noche cay\u00f3 una gran tormenta tuvimos mucho \u00e9xito. Luego vino la pandemia y debimos suspender este tipo de evento por congregar a muchas personas\", explic\u00f3. R\u00edos agreg\u00f3: \"Hoy gracias a que hay un descenso en la cantidad de casos y contagios de coronavirus nos animamos nuevamente desde el municipio y desde el \u00e1rea de turismo a apostar a este tipo de celebraciones\".<\/p>\n\n\n\n<p>Asimismo, el Director de Turismo expres\u00f3 que la intenci\u00f3n de realizar esta nueva Fiesta de la Cerveza Artesanal responde a un pedido de los productores de esta bebida, dado que resultaron muy golpeados por la pandemia y la cuarentena ya que no pudieron realizar su actividad comercial.<\/p>\n\n\n\n<p>\u201cHabr\u00e1 degustaci\u00f3n y venta de productos cerrados para que puedan llevar a sus casas, pero con la posibilidad de degustar en el lugar este tipo de cervezas que se hacen en nuestra ciudad\u201d. A\u00f1adi\u00f3 tambi\u00e9n que se invit\u00f3 a productores de la ciudad de Palpal\u00e1 y de Capital. Adem\u00e1s podr\u00e1n disfrutar de un patio de comidas y la entrada ser\u00e1 libre y gratuita.<\/p>\n\n\n\n<figure class=\"wp-block-image size-large\"><img decoding=\"async\" loading=\"lazy\" width=\"638\" height=\"480\" src=\"https:\/\/notinor.com\/jujuy\/wp-content\/uploads\/2020\/10\/fiesta-de-la-cerveza-artesanal-perico-638x480.jpg\" alt=\"\" class=\"wp-image-272250\" srcset=\"https:\/\/notinor.com\/jujuy\/wp-content\/uploads\/2020\/10\/fiesta-de-la-cerveza-artesanal-perico-638x480.jpg 638w, https:\/\/notinor.com\/jujuy\/wp-content\/uploads\/2020\/10\/fiesta-de-la-cerveza-artesanal-perico-485x365.jpg 485w, https:\/\/notinor.com\/jujuy\/wp-content\/uploads\/2020\/10\/fiesta-de-la-cerveza-artesanal-perico-768x578.jpg 768w, https:\/\/notinor.com\/jujuy\/wp-content\/uploads\/2020\/10\/fiesta-de-la-cerveza-artesanal-perico-750x564.jpg 750w, https:\/\/notinor.com\/jujuy\/wp-content\/uploads\/2020\/10\/fiesta-de-la-cerveza-artesanal-perico-1140x858.jpg 1140w, https:\/\/notinor.com\/jujuy\/wp-content\/uploads\/2020\/10\/fiesta-de-la-cerveza-artesanal-perico.jpg 1280w\" sizes=\"(max-width: 638px) 100vw, 638px\" \/><\/figure>\n","protected":false},"excerpt":{"rendered":"<p>Ser\u00e1 este s\u00e1bado en el Club Talleres de Perico, habr\u00e1 patio gastron\u00f3mico y shows musicales en vivo. Este s\u00e1bado 24 a partir de las 18 hasta las 23 en el Club Talleres de Perico se realizar\u00e1 una nueva edici\u00f3n de la Fiesta de la Cerveza Artesanal y Patio Gastron\u00f3mico, adem\u00e1s se podr\u00e1 disfrutar de m\u00fasica [&hellip;]<\/p>\n","protected":false},"author":1,"featured_media":272247,"comment_status":"open","ping_status":"open","sticky":false,"template":"","format":"standard","meta":{"_stopmodifiedupdate":false,"_modified_date":"","inline_featured_image":false,"spay_email":"","jetpack_publicize_message":""},"categories":[4],"tags":[],"jetpack_featured_media_url":"https:\/\/notinor.com\/jujuy\/wp-content\/uploads\/2020\/10\/cerveza-artesanal.jpg","jetpack_publicize_connections":[],"_links":{"self":[{"href":"https:\/\/notinor.com\/jujuy\/wp-json\/wp\/v2\/posts\/272243"}],"collection":[{"href":"https:\/\/notinor.com\/jujuy\/wp-json\/wp\/v2\/posts"}],"about":[{"href":"https:\/\/notinor.com\/jujuy\/wp-json\/wp\/v2\/types\/post"}],"author":[{"embeddable":true,"href":"https:\/\/notinor.com\/jujuy\/wp-json\/wp\/v2\/users\/1"}],"replies":[{"embeddable":true,"href":"https:\/\/notinor.com\/jujuy\/wp-json\/wp\/v2\/comments?post=272243"}],"version-history":[{"count":1,"href":"https:\/\/notinor.com\/jujuy\/wp-json\/wp\/v2\/posts\/272243\/revisions"}],"predecessor-version":[{"id":272251,"href":"https:\/\/notinor.com\/jujuy\/wp-json\/wp\/v2\/posts\/272243\/revisions\/272251"}],"wp:featuredmedia":[{"embeddable":true,"href":"https:\/\/notinor.com\/jujuy\/wp-json\/wp\/v2\/media\/272247"}],"wp:attachment":[{"href":"https:\/\/notinor.com\/jujuy\/wp-json\/wp\/v2\/media?parent=272243"}],"wp:term":[{"taxonomy":"category","embeddable":true,"href":"https:\/\/notinor.com\/jujuy\/wp-json\/wp\/v2\/categories?post=272243"},{"taxonomy":"post_tag","embeddable":true,"href":"https:\/\/notinor.com\/jujuy\/wp-json\/wp\/v2\/tags?post=272243"}],"curies":[{"name":"wp","href":"https:\/\/api.w.org\/{rel}","templated":true}]}}