{"id":272118,"date":"2020-10-19T23:57:00","date_gmt":"2020-10-20T02:57:00","guid":{"rendered":"https:\/\/notinor.com\/jujuy\/?p=272118"},"modified":"2020-10-21T12:05:49","modified_gmt":"2020-10-21T15:05:49","slug":"municipio-y-provincia-fortalecen-acciones-para-erradicar-el-dengue","status":"publish","type":"post","link":"https:\/\/notinor.com\/jujuy\/municipio-y-provincia-fortalecen-acciones-para-erradicar-el-dengue\/","title":{"rendered":"Municipio y provincia fortalecen acciones para erradicar el dengue"},"content":{"rendered":"\n<p>El intendente de San Salvador de Jujuy,<em>\u00a0Ra\u00fal \u201cChuli\u201d Jorge<\/em>, junto al\u00a0presidente del Concejo Deliberante,\u00a0<em>Lisandro Aguiar<\/em>;\u00a0el secretario de Servicios P\u00fablicos,\u00a0<em>Guillermo Marenco<\/em>; y el de\u00a0Desarrollo Humano,\u00a0<em>Jos\u00e9 Luis S\u00e1nchez,\u00a0<\/em>mantuvieron una\u00a0reuni\u00f3n de trabajo\u00a0con la\u00a0subsecretaria de Atenci\u00f3n, Prevenci\u00f3n y Promoci\u00f3n de Salud del Ministerio de Salud de la Provincia,\u00a0<em>Fernanda Peinado<\/em>, con el objetivo de articular acciones conjunta en la\u00a0lucha contra el dengue.<\/p>\n\n\n\n<figure class=\"wp-block-image size-large\"><img decoding=\"async\" loading=\"lazy\" width=\"840\" height=\"333\" src=\"https:\/\/notinor.com\/jujuy\/wp-content\/uploads\/2020\/10\/Reunion-Municipio-Provincia-1024x406-2-840x333.jpeg\" alt=\"\" class=\"wp-image-272121\" srcset=\"https:\/\/notinor.com\/jujuy\/wp-content\/uploads\/2020\/10\/Reunion-Municipio-Provincia-1024x406-2-840x333.jpeg 840w, https:\/\/notinor.com\/jujuy\/wp-content\/uploads\/2020\/10\/Reunion-Municipio-Provincia-1024x406-2-660x262.jpeg 660w, https:\/\/notinor.com\/jujuy\/wp-content\/uploads\/2020\/10\/Reunion-Municipio-Provincia-1024x406-2-768x305.jpeg 768w, https:\/\/notinor.com\/jujuy\/wp-content\/uploads\/2020\/10\/Reunion-Municipio-Provincia-1024x406-2-750x297.jpeg 750w, https:\/\/notinor.com\/jujuy\/wp-content\/uploads\/2020\/10\/Reunion-Municipio-Provincia-1024x406-2.jpeg 1024w\" sizes=\"(max-width: 840px) 100vw, 840px\" \/><\/figure>\n\n\n\n<p>Al respecto,\u00a0el intendente Jorge resalt\u00f3\u00a0el trabajo conjunto entre todas las \u00e1reas municipales y el gobierno provincial que \u201cdesde comienzos del a\u00f1o se viene trabajando primero con el dengue y despu\u00e9s con el Covid-19\u201d.<\/p>\n\n\n\n<p>Por su parte,\u00a0Lisandro Aguiar, aclar\u00f3\u00a0\u201cnuevamente retomamos\u00a0acciones para concientizar a la poblaci\u00f3n\u00a0de los peligros que se genera con el agua estancada. Es una pelea diaria y es un\u00a0trabajo conjunto que iniciamos desde que empez\u00f3 el a\u00f1o 2020\u201d.<\/p>\n\n\n\n<p>Seguidamente,\u00a0Guillermo Marenco\u00a0asegur\u00f3 que \u201ctodos los martes y jueves\u00a0recorremos los diferentes barrios de la ciudad. Ya terminamos el distrito Norte y Sur, y ma\u00f1ana empezamos con el distrito Este. La idea es visitar todos los barrios de San Salvador de Jujuy hasta fin de a\u00f1o para\u00a0evitar el avance del dengue\u201d.<\/p>\n\n\n\n<p>Para finalizar, la subsecretaria de Atenci\u00f3n, Prevenci\u00f3n y Promoci\u00f3n de Salud,\u00a0Fernanda Peinado, expres\u00f3 que \u201cla reuni\u00f3n es para fortalecer acciones, primero en la lucha contra el covid-19 y ahora en la lucha contra el dengue. Estas acciones conjunta\u00a0nos robustece como instituciones y fundamentalmente como<\/p>\n","protected":false},"excerpt":{"rendered":"<p>El intendente de San Salvador de Jujuy,\u00a0Ra\u00fal \u201cChuli\u201d Jorge, junto al\u00a0presidente del Concejo Deliberante,\u00a0Lisandro Aguiar;\u00a0el secretario de Servicios P\u00fablicos,\u00a0Guillermo Marenco; y el de\u00a0Desarrollo Humano,\u00a0Jos\u00e9 Luis S\u00e1nchez,\u00a0mantuvieron una\u00a0reuni\u00f3n de trabajo\u00a0con la\u00a0subsecretaria de Atenci\u00f3n, Prevenci\u00f3n y Promoci\u00f3n de Salud del Ministerio de Salud de la Provincia,\u00a0Fernanda Peinado, con el objetivo de articular acciones conjunta en la\u00a0lucha contra [&hellip;]<\/p>\n","protected":false},"author":5,"featured_media":272126,"comment_status":"open","ping_status":"open","sticky":false,"template":"","format":"standard","meta":{"_stopmodifiedupdate":false,"_modified_date":"","inline_featured_image":false,"spay_email":"","jetpack_publicize_message":""},"categories":[514],"tags":[],"jetpack_featured_media_url":"https:\/\/notinor.com\/jujuy\/wp-content\/uploads\/2020\/10\/Reunion-Municipio-Provincia2-1.jpeg","jetpack_publicize_connections":[],"_links":{"self":[{"href":"https:\/\/notinor.com\/jujuy\/wp-json\/wp\/v2\/posts\/272118"}],"collection":[{"href":"https:\/\/notinor.com\/jujuy\/wp-json\/wp\/v2\/posts"}],"about":[{"href":"https:\/\/notinor.com\/jujuy\/wp-json\/wp\/v2\/types\/post"}],"author":[{"embeddable":true,"href":"https:\/\/notinor.com\/jujuy\/wp-json\/wp\/v2\/users\/5"}],"replies":[{"embeddable":true,"href":"https:\/\/notinor.com\/jujuy\/wp-json\/wp\/v2\/comments?post=272118"}],"version-history":[{"count":1,"href":"https:\/\/notinor.com\/jujuy\/wp-json\/wp\/v2\/posts\/272118\/revisions"}],"predecessor-version":[{"id":272127,"href":"https:\/\/notinor.com\/jujuy\/wp-json\/wp\/v2\/posts\/272118\/revisions\/272127"}],"wp:featuredmedia":[{"embeddable":true,"href":"https:\/\/notinor.com\/jujuy\/wp-json\/wp\/v2\/media\/272126"}],"wp:attachment":[{"href":"https:\/\/notinor.com\/jujuy\/wp-json\/wp\/v2\/media?parent=272118"}],"wp:term":[{"taxonomy":"category","embeddable":true,"href":"https:\/\/notinor.com\/jujuy\/wp-json\/wp\/v2\/categories?post=272118"},{"taxonomy":"post_tag","embeddable":true,"href":"https:\/\/notinor.com\/jujuy\/wp-json\/wp\/v2\/tags?post=272118"}],"curies":[{"name":"wp","href":"https:\/\/api.w.org\/{rel}","templated":true}]}}