{"id":272025,"date":"2020-10-20T20:29:35","date_gmt":"2020-10-20T23:29:35","guid":{"rendered":"https:\/\/notinor.com\/jujuy\/?p=272025"},"modified":"2020-10-20T20:29:40","modified_gmt":"2020-10-20T23:29:40","slug":"covid-19-en-jujuy-reportan-59-nuevos-casos-positivos-y-9-muertes","status":"publish","type":"post","link":"https:\/\/notinor.com\/jujuy\/covid-19-en-jujuy-reportan-59-nuevos-casos-positivos-y-9-muertes\/","title":{"rendered":"COVID-19 en Jujuy: reportan 59 nuevos casos positivos y 9 muertes"},"content":{"rendered":"\n<p>El Comit\u00e9 Operativo de Emergencia detall\u00f3 la actual situaci\u00f3n sanitaria y epidemiol\u00f3gica de la provincia. <\/p>\n\n\n\n<figure class=\"wp-block-image size-large\"><img decoding=\"async\" loading=\"lazy\" width=\"719\" height=\"480\" src=\"https:\/\/notinor.com\/jujuy\/wp-content\/uploads\/2020\/10\/GM-Peirco-Control-Sanitario-8-1140x761-1-719x480.jpg\" alt=\"\" class=\"wp-image-270465\" srcset=\"https:\/\/notinor.com\/jujuy\/wp-content\/uploads\/2020\/10\/GM-Peirco-Control-Sanitario-8-1140x761-1-719x480.jpg 719w, https:\/\/notinor.com\/jujuy\/wp-content\/uploads\/2020\/10\/GM-Peirco-Control-Sanitario-8-1140x761-1-547x365.jpg 547w, https:\/\/notinor.com\/jujuy\/wp-content\/uploads\/2020\/10\/GM-Peirco-Control-Sanitario-8-1140x761-1-768x513.jpg 768w, https:\/\/notinor.com\/jujuy\/wp-content\/uploads\/2020\/10\/GM-Peirco-Control-Sanitario-8-1140x761-1-750x501.jpg 750w, https:\/\/notinor.com\/jujuy\/wp-content\/uploads\/2020\/10\/GM-Peirco-Control-Sanitario-8-1140x761-1.jpg 1140w\" sizes=\"(max-width: 719px) 100vw, 719px\" \/><\/figure>\n\n\n\n<p>La Subdirecci\u00f3n de Epidemiolog\u00eda inform\u00f3 que hoy martes se confirmaron 59 nuevos casos de COVID-19 en la provincia y recibieron el alta m\u00e9dica 46 pacientes.<\/p>\n\n\n\n<p>Asi mismo se registraron 9 fallecimientos por la infecci\u00f3n respiratoria: cinco hombres y cuatro mujeres, de entre 19 y 85 a\u00f1os de edad.<\/p>\n\n\n\n<h2>Estado de situaci\u00f3n desde el inicio de la pandemia:<\/h2>\n\n\n\n<p>Hasta el momento se realizaron 45.779 tests PCR en toda la provincia, arrojando un total de 17.340 casos positivos. Se recuperaron de la enfermedad 16.337. Fallecieron 764 personas.<\/p>\n\n\n\n<h2>Detalle de casos positivos seg\u00fan localidad:<\/h2>\n\n\n\n<p>San Salvador de Jujuy 29<br>Palpal\u00e1 7<br>La Quiaca 4<br>Perico 3<br>San Pedro 3<br>Libertador Gral. San Mart\u00edn 3<br>El Carmen 2<br>Calilegua 1<br>Fraile Pintado 1<br>Maimar\u00e1 1<br>Olaroz Chico 1<br>Pastos Chicos 1<br>Santa Clara 1<br>Tilcara 1<br>Yuto 1<\/p>\n","protected":false},"excerpt":{"rendered":"<p>El Comit\u00e9 Operativo de Emergencia detall\u00f3 la actual situaci\u00f3n sanitaria y epidemiol\u00f3gica de la provincia. La Subdirecci\u00f3n de Epidemiolog\u00eda inform\u00f3 que hoy martes se confirmaron 59 nuevos casos de COVID-19 en la provincia y recibieron el alta m\u00e9dica 46 pacientes. Asi mismo se registraron 9 fallecimientos por la infecci\u00f3n respiratoria: cinco hombres y cuatro mujeres, [&hellip;]<\/p>\n","protected":false},"author":37,"featured_media":270465,"comment_status":"open","ping_status":"open","sticky":false,"template":"","format":"standard","meta":{"_stopmodifiedupdate":false,"_modified_date":"","inline_featured_image":false,"spay_email":"","jetpack_publicize_message":""},"categories":[2],"tags":[],"jetpack_featured_media_url":"https:\/\/notinor.com\/jujuy\/wp-content\/uploads\/2020\/10\/GM-Peirco-Control-Sanitario-8-1140x761-1.jpg","jetpack_publicize_connections":[],"_links":{"self":[{"href":"https:\/\/notinor.com\/jujuy\/wp-json\/wp\/v2\/posts\/272025"}],"collection":[{"href":"https:\/\/notinor.com\/jujuy\/wp-json\/wp\/v2\/posts"}],"about":[{"href":"https:\/\/notinor.com\/jujuy\/wp-json\/wp\/v2\/types\/post"}],"author":[{"embeddable":true,"href":"https:\/\/notinor.com\/jujuy\/wp-json\/wp\/v2\/users\/37"}],"replies":[{"embeddable":true,"href":"https:\/\/notinor.com\/jujuy\/wp-json\/wp\/v2\/comments?post=272025"}],"version-history":[{"count":1,"href":"https:\/\/notinor.com\/jujuy\/wp-json\/wp\/v2\/posts\/272025\/revisions"}],"predecessor-version":[{"id":272027,"href":"https:\/\/notinor.com\/jujuy\/wp-json\/wp\/v2\/posts\/272025\/revisions\/272027"}],"wp:featuredmedia":[{"embeddable":true,"href":"https:\/\/notinor.com\/jujuy\/wp-json\/wp\/v2\/media\/270465"}],"wp:attachment":[{"href":"https:\/\/notinor.com\/jujuy\/wp-json\/wp\/v2\/media?parent=272025"}],"wp:term":[{"taxonomy":"category","embeddable":true,"href":"https:\/\/notinor.com\/jujuy\/wp-json\/wp\/v2\/categories?post=272025"},{"taxonomy":"post_tag","embeddable":true,"href":"https:\/\/notinor.com\/jujuy\/wp-json\/wp\/v2\/tags?post=272025"}],"curies":[{"name":"wp","href":"https:\/\/api.w.org\/{rel}","templated":true}]}}