{"id":272015,"date":"2020-10-20T17:39:19","date_gmt":"2020-10-20T20:39:19","guid":{"rendered":"https:\/\/notinor.com\/jujuy\/?p=272015"},"modified":"2020-10-20T17:39:25","modified_gmt":"2020-10-20T20:39:25","slug":"oxford-duda-de-las-cifras-que-reporta-el-gobierno-nacional-y-dejara-de-informar-datos-de-testeos-de-la-argentina","status":"publish","type":"post","link":"https:\/\/notinor.com\/jujuy\/oxford-duda-de-las-cifras-que-reporta-el-gobierno-nacional-y-dejara-de-informar-datos-de-testeos-de-la-argentina\/","title":{"rendered":"Oxford duda de las cifras que reporta el Gobierno Nacional y dejar\u00e1 de informar datos de testeos de la Argentina"},"content":{"rendered":"\n<p>Desde la Universidad afirman que las cifras exhibidas por el Gobierno nacional \u201cno tienen la calidad suficiente para reflejar correctamente la magnitud de los testeos\u201d.<\/p>\n\n\n\n<div class=\"wp-block-image\"><figure class=\"aligncenter size-large\"><img decoding=\"async\" loading=\"lazy\" width=\"420\" height=\"280\" src=\"https:\/\/notinor.com\/jujuy\/wp-content\/uploads\/2020\/10\/UCC5MVPS2ZFJHA74I2W5SSUL2U.jpg\" alt=\"\" class=\"wp-image-272016\"\/><\/figure><\/div>\n\n\n\n<p>Una publicaci\u00f3n realizada por la<strong>&nbsp;Universidad de Oxford<\/strong>&nbsp;que lleva registros de casos de coronavirus a nivel mundial decidi\u00f3 eliminar a la Argentina de sus bases de datos. El motivo: seg\u00fan argumentan, las&nbsp;<strong>cifras de testeos&nbsp;<\/strong>exhibidas por el Gobierno nacional<strong>&nbsp;no son las reales<\/strong>.<\/p>\n\n\n\n<p>Se trata de\u00a0<em>OurWorldInData<\/em>, cuyo gerente de gesti\u00f3n de datos,\u00a0<strong>Edouard Mathieu<\/strong>, explic\u00f3 v\u00eda Twitter que los n\u00fameros oficiales \u201cno tienen la calidad suficiente para reflejar correctamente la magnitud de los testeos\".<\/p>\n\n\n\n<p>De acuerdo con el directivo,&nbsp;<strong>\u201cmuchas pruebas negativas no est\u00e1n siendo registradas en varias provincias, incluidas algunas grandes como Santa Fe y C\u00f3rdoba. Esto sesga la tasa positiva hacia arriba, hasta un asombroso 75% en la actualidad\u201d<\/strong>.<\/p>\n\n\n\n<p>En su argumentaci\u00f3n, Mathieu repos\u00f3 en en una nota publicada por<em>&nbsp;Clar\u00edn<\/em>, donde se inform\u00f3 que muchos casos negativos de COVID-19&nbsp;<strong>no se cuentan y eso dispara la tasa de positividad<\/strong>, que refleja la cantidad de casos confirmados sobre el total de testeados.<\/p>\n\n\n\n<p>Los cuestionamientos se dirigen al&nbsp;<strong>Sistema Integrado de Informaci\u00f3n Sanitaria Argentino (SISA)<\/strong>, cuyos registros difieren notoriamente de las bases de datos de los Ministerios de Salud de cada distrito<\/p>\n\n\n\n<p>Seg\u00fan el informe, publicado el 1 de octubre, C\u00f3rdoba registraba hace algunas semanas un \u00edndice de positividad del 87%, seg\u00fan el SISA. Sin embargo, los funcionarios locales afirmaban que era de un 18%. En Santiago del Estero, en tanto, el SISA declar\u00f3 una positividad del 88% al mismo tiempo que desde la Provincia aseguraban que alcanzaba el 27%. Y en San Juan, donde la base de<\/p>\n\n\n\n<p>datos oficial del Gobierno reflejaba un \u00edndice del 90%, en la Provincia dec\u00edan que apenas llegaba al 11%.<\/p>\n\n\n\n<p>\u201cEl gobierno de Argentina anunci\u00f3 hace unos d\u00edas que implementar\u00eda un nuevo sistema para asegurarse de que todas las pruebas se registran correctamente en todas las provincias. Sin embargo, no est\u00e1 claro si esto tambi\u00e9n corregir\u00e1 los datos hist\u00f3ricos retrospectivamente\u201d, agreg\u00f3 Mathieu en un hilo en Twitter.<\/p>\n\n\n\n<p>En cuanto al divorcio entre los \u00edndices de positividad del SISA y el de los gobiernos provinciales, el directivo de la Universidad de Oxford profundiz\u00f3: \u201cLamentablemente,&nbsp;<strong>esto no significa que la situaci\u00f3n del COVID-19 no sea mala en Argentina, s\u00ed que lo es<\/strong>. Al principio le fue un poco mejor que a algunos de sus vecinos (aunque mucho peor que a otros), pero ahora se est\u00e1 \u201cponiendo al d\u00eda\u201d con el terrible n\u00famero de muertos en Bolivia, Chile y Brasil\u201d.<\/p>\n\n\n\n<p>\u201cComo explicamos en nuestro sitio, las pruebas son nuestra ventana a la pandemia y c\u00f3mo se est\u00e1 propagando. Esperamos que los datos corregidos para Argentina se publiquen muy pronto, en cuyo caso los incluiremos nuevamente en nuestro conjunto de datos\u201d, concluy\u00f3 Mathieu.<\/p>\n\n\n\n<h3>Dudas y pol\u00e9mica<\/h3>\n\n\n\n<p>Los interrogantes en torno a los datos oficiales sobre la situaci\u00f3n sanitaria se dispararon hace un mes. E incluso provocaron un desencuentro entre el ministro de Salud de la Naci\u00f3n,\u00a0<strong>Gin\u00e9s Gonz\u00e1lez Garc\u00eda<\/strong>, y su par de la provincia de Buenos Aires,<strong>\u00a0Daniel Goll\u00e1n<\/strong>.<\/p>\n\n\n\n<p>\u201cNadie esconde nada\u201d, asegur\u00f3 semanas atr\u00e1s el ministro de Salud de la Naci\u00f3n. Destac\u00f3 entonces que hab\u00eda \u201ctransparencia\u201d en los datos difundidos en los reportes. Y precis\u00f3 que \u201cen los casos de COVID-19 que no fueron categorizados como tales, se hace una revisi\u00f3n y se los recategoriza\u201d.<\/p>\n\n\n\n<p>Gollan, por su lado, explic\u00f3 entonces que el SISA toma los casos confirmados, que deben ser cargados por los centros de salud. Dijo que hay \u201cmiles y miles de cl\u00ednicas y sanatorios\u201d que tienen que transmitir esta informaci\u00f3n y que no priorizan esta funci\u00f3n durante la pandemia.<\/p>\n\n\n\n<p>\u201cLa carga de datos no es una actividad prioritaria para el que est\u00e1 todo el d\u00eda en el frente de batalla contra la enfermedad\u201d, remarc\u00f3 el funcionario bonaerense. Aclar\u00f3 que esto pasa \u201cen todo el mundo\u201d y que en el caso de Espa\u00f1a el atraso es de entre el 40% y el 50%. Y concluy\u00f3: \u201cNo se va a perder un solo dato\u201d.<\/p>\n","protected":false},"excerpt":{"rendered":"<p>Desde la Universidad afirman que las cifras exhibidas por el Gobierno nacional \u201cno tienen la calidad suficiente para reflejar correctamente la magnitud de los testeos\u201d. Una publicaci\u00f3n realizada por la&nbsp;Universidad de Oxford&nbsp;que lleva registros de casos de coronavirus a nivel mundial decidi\u00f3 eliminar a la Argentina de sus bases de datos. El motivo: seg\u00fan argumentan, [&hellip;]<\/p>\n","protected":false},"author":37,"featured_media":272016,"comment_status":"open","ping_status":"open","sticky":false,"template":"","format":"standard","meta":{"_stopmodifiedupdate":false,"_modified_date":"","inline_featured_image":false,"spay_email":"","jetpack_publicize_message":""},"categories":[2],"tags":[],"jetpack_featured_media_url":"https:\/\/notinor.com\/jujuy\/wp-content\/uploads\/2020\/10\/UCC5MVPS2ZFJHA74I2W5SSUL2U.jpg","jetpack_publicize_connections":[],"_links":{"self":[{"href":"https:\/\/notinor.com\/jujuy\/wp-json\/wp\/v2\/posts\/272015"}],"collection":[{"href":"https:\/\/notinor.com\/jujuy\/wp-json\/wp\/v2\/posts"}],"about":[{"href":"https:\/\/notinor.com\/jujuy\/wp-json\/wp\/v2\/types\/post"}],"author":[{"embeddable":true,"href":"https:\/\/notinor.com\/jujuy\/wp-json\/wp\/v2\/users\/37"}],"replies":[{"embeddable":true,"href":"https:\/\/notinor.com\/jujuy\/wp-json\/wp\/v2\/comments?post=272015"}],"version-history":[{"count":1,"href":"https:\/\/notinor.com\/jujuy\/wp-json\/wp\/v2\/posts\/272015\/revisions"}],"predecessor-version":[{"id":272017,"href":"https:\/\/notinor.com\/jujuy\/wp-json\/wp\/v2\/posts\/272015\/revisions\/272017"}],"wp:featuredmedia":[{"embeddable":true,"href":"https:\/\/notinor.com\/jujuy\/wp-json\/wp\/v2\/media\/272016"}],"wp:attachment":[{"href":"https:\/\/notinor.com\/jujuy\/wp-json\/wp\/v2\/media?parent=272015"}],"wp:term":[{"taxonomy":"category","embeddable":true,"href":"https:\/\/notinor.com\/jujuy\/wp-json\/wp\/v2\/categories?post=272015"},{"taxonomy":"post_tag","embeddable":true,"href":"https:\/\/notinor.com\/jujuy\/wp-json\/wp\/v2\/tags?post=272015"}],"curies":[{"name":"wp","href":"https:\/\/api.w.org\/{rel}","templated":true}]}}