{"id":271992,"date":"2020-10-20T13:14:48","date_gmt":"2020-10-20T16:14:48","guid":{"rendered":"https:\/\/notinor.com\/jujuy\/?p=271992"},"modified":"2020-10-20T13:14:52","modified_gmt":"2020-10-20T16:14:52","slug":"continuan-analizando-el-proyecto-de-emergencia-en-violencia-de-genero","status":"publish","type":"post","link":"https:\/\/notinor.com\/jujuy\/continuan-analizando-el-proyecto-de-emergencia-en-violencia-de-genero\/","title":{"rendered":"Contin\u00faan analizando el proyecto de Emergencia en Violencia de G\u00e9nero"},"content":{"rendered":"\n<p>El proyecto de Ley a\u00fan no finaliz\u00f3 su redacci\u00f3n, \"estamos tratando de arribar con el mayor consenso posible\" afirmaron desde la Legislatura juje\u00f1a.<\/p>\n\n\n\n<figure class=\"wp-block-image size-large\"><img decoding=\"async\" loading=\"lazy\" width=\"840\" height=\"431\" src=\"https:\/\/notinor.com\/jujuy\/wp-content\/uploads\/2020\/10\/comision-institucional-840x431.jpg\" alt=\"\" class=\"wp-image-271993\" srcset=\"https:\/\/notinor.com\/jujuy\/wp-content\/uploads\/2020\/10\/comision-institucional-840x431.jpg 840w, https:\/\/notinor.com\/jujuy\/wp-content\/uploads\/2020\/10\/comision-institucional-660x339.jpg 660w, https:\/\/notinor.com\/jujuy\/wp-content\/uploads\/2020\/10\/comision-institucional-768x395.jpg 768w, https:\/\/notinor.com\/jujuy\/wp-content\/uploads\/2020\/10\/comision-institucional-1536x789.jpg 1536w, https:\/\/notinor.com\/jujuy\/wp-content\/uploads\/2020\/10\/comision-institucional-750x385.jpg 750w, https:\/\/notinor.com\/jujuy\/wp-content\/uploads\/2020\/10\/comision-institucional-1140x586.jpg 1140w, https:\/\/notinor.com\/jujuy\/wp-content\/uploads\/2020\/10\/comision-institucional.jpg 2048w\" sizes=\"(max-width: 840px) 100vw, 840px\" \/><figcaption>La Comisi\u00f3n de Asuntos Institucionales analiza el proyecto.<\/figcaption><\/figure>\n\n\n\n<p>La terrible situaci\u00f3n de violencia de g\u00e9nero vivenciada entre fines de agosto, todo septiembre y principios de octubre -con cinco femicidios en poco m\u00e1s de un mes-, impuls\u00f3 a que los distintos poderes que componen al Estado tomaran m\u00e1s decisiones pol\u00edticas para intentar frenar la creciente ola de violencia hacia las mujeres.<\/p>\n\n\n\n<p>Bajo ese marco el Ejecutivo dispuso hace unas semanas de un proyecto de Ley de Emergencia P\u00fablica en Violencia de G\u00e9nero, que se trat\u00f3 en una Sesi\u00f3n Especial y finalmente fue postergado para redactarse m\u00e1s a detalle por las comisiones de Igualdad de G\u00e9nero, de Asuntos Institucionales y la Legislaci\u00f3n General con aportes de organizaciones feministas y el Consejo Provincial de la Mujer.<\/p>\n\n\n\n<p>En paralelo a las reuniones que mantuvieron los diputados provinciales con referentes de organizaciones abocadas al tema, el Poder Judicial declar\u00f3 la emergencia por violencia de g\u00e9nero disponiendo el funcionamiento de los Juzgados Especializados en esta problem\u00e1tica en Perico, Humahuaca y Libertador General San Mart\u00edn.<\/p>\n\n\n\n<p><strong><em>Relacionado: <a href=\"https:\/\/notinor.com\/jujuy\/el-poder-judicial-declaro-emergencia-por-violencia-de-genero\/\">El Poder Judicial declar\u00f3 emergencia por violencia de g\u00e9nero<\/a><\/em><\/strong><\/p>\n\n\n\n<p>Actualmente, el proyecto de Ley de Emergencia P\u00fablica en Violencia de G\u00e9nero contin\u00faa redact\u00e1ndose en la Legislatura juje\u00f1a. Hoy en el sal\u00f3n Manuel Padilla se reuni\u00f3 la Comisi\u00f3n de Asuntos Institucionales, presidida por el diputado Ramiro Tiz\u00f3n, para continuar trabajando en el proyecto.<\/p>\n\n\n\n<p>\"Estamos tratando de arribar a un proyecto con el mayor consenso posible. Creo que la sociedad juje\u00f1a nos est\u00e1 pidiendo m\u00e1s di\u00e1logo y m\u00e1s acci\u00f3n en lo que hace a esta problem\u00e1tica que nos ha golpeado tan duro en el \u00faltimo mes\", afirm\u00f3 el legislador.<\/p>\n\n\n\n<p>El diputado Tiz\u00f3n coment\u00f3 que la Comisi\u00f3n tambi\u00e9n est\u00e1 trabajando en otros proyectos relacionados con la tem\u00e1tica, tales como la modificaci\u00f3n en las competencias de los juzgados de violencia y la creaci\u00f3n de un juzgado especializado en La Quiaca.<\/p>\n\n\n\n<p>\u201cOtro de los proyectos al que queremos darle punto final es el general de mediaci\u00f3n, que es muy importante en lo que hace a descomprimir la tarea de los tribunales provinciales\u201d, finaliz\u00f3 el Presidente de la Comisi\u00f3n.<\/p>\n\n\n\n<figure class=\"wp-block-image size-large\"><img decoding=\"async\" loading=\"lazy\" width=\"840\" height=\"473\" src=\"https:\/\/notinor.com\/jujuy\/wp-content\/uploads\/2020\/10\/emergencia-de-genero-840x473.jpeg\" alt=\"\" class=\"wp-image-270069\" srcset=\"https:\/\/notinor.com\/jujuy\/wp-content\/uploads\/2020\/10\/emergencia-de-genero-840x473.jpeg 840w, https:\/\/notinor.com\/jujuy\/wp-content\/uploads\/2020\/10\/emergencia-de-genero-648x365.jpeg 648w, https:\/\/notinor.com\/jujuy\/wp-content\/uploads\/2020\/10\/emergencia-de-genero-768x432.jpeg 768w, https:\/\/notinor.com\/jujuy\/wp-content\/uploads\/2020\/10\/emergencia-de-genero-750x422.jpeg 750w, https:\/\/notinor.com\/jujuy\/wp-content\/uploads\/2020\/10\/emergencia-de-genero.jpeg 1032w\" sizes=\"(max-width: 840px) 100vw, 840px\" \/><\/figure>\n","protected":false},"excerpt":{"rendered":"<p>El proyecto de Ley a\u00fan no finaliz\u00f3 su redacci\u00f3n, \"estamos tratando de arribar con el mayor consenso posible\" afirmaron desde la Legislatura juje\u00f1a. La terrible situaci\u00f3n de violencia de g\u00e9nero vivenciada entre fines de agosto, todo septiembre y principios de octubre -con cinco femicidios en poco m\u00e1s de un mes-, impuls\u00f3 a que los distintos [&hellip;]<\/p>\n","protected":false},"author":1,"featured_media":270069,"comment_status":"open","ping_status":"open","sticky":false,"template":"","format":"standard","meta":{"_stopmodifiedupdate":false,"_modified_date":"","inline_featured_image":false,"spay_email":"","jetpack_publicize_message":""},"categories":[501],"tags":[],"jetpack_featured_media_url":"https:\/\/notinor.com\/jujuy\/wp-content\/uploads\/2020\/10\/emergencia-de-genero.jpeg","jetpack_publicize_connections":[],"_links":{"self":[{"href":"https:\/\/notinor.com\/jujuy\/wp-json\/wp\/v2\/posts\/271992"}],"collection":[{"href":"https:\/\/notinor.com\/jujuy\/wp-json\/wp\/v2\/posts"}],"about":[{"href":"https:\/\/notinor.com\/jujuy\/wp-json\/wp\/v2\/types\/post"}],"author":[{"embeddable":true,"href":"https:\/\/notinor.com\/jujuy\/wp-json\/wp\/v2\/users\/1"}],"replies":[{"embeddable":true,"href":"https:\/\/notinor.com\/jujuy\/wp-json\/wp\/v2\/comments?post=271992"}],"version-history":[{"count":1,"href":"https:\/\/notinor.com\/jujuy\/wp-json\/wp\/v2\/posts\/271992\/revisions"}],"predecessor-version":[{"id":271994,"href":"https:\/\/notinor.com\/jujuy\/wp-json\/wp\/v2\/posts\/271992\/revisions\/271994"}],"wp:featuredmedia":[{"embeddable":true,"href":"https:\/\/notinor.com\/jujuy\/wp-json\/wp\/v2\/media\/270069"}],"wp:attachment":[{"href":"https:\/\/notinor.com\/jujuy\/wp-json\/wp\/v2\/media?parent=271992"}],"wp:term":[{"taxonomy":"category","embeddable":true,"href":"https:\/\/notinor.com\/jujuy\/wp-json\/wp\/v2\/categories?post=271992"},{"taxonomy":"post_tag","embeddable":true,"href":"https:\/\/notinor.com\/jujuy\/wp-json\/wp\/v2\/tags?post=271992"}],"curies":[{"name":"wp","href":"https:\/\/api.w.org\/{rel}","templated":true}]}}