{"id":271970,"date":"2020-10-20T11:44:35","date_gmt":"2020-10-20T14:44:35","guid":{"rendered":"https:\/\/notinor.com\/jujuy\/?p=271970"},"modified":"2022-04-28T00:15:41","modified_gmt":"2022-04-28T03:15:41","slug":"recuperado-de-coronavirus-ruggeri-volvio-a-la-tele-estoy-enojado-conmigo-mismo-porque-me-descuide","status":"publish","type":"post","link":"https:\/\/notinor.com\/jujuy\/recuperado-de-coronavirus-ruggeri-volvio-a-la-tele-estoy-enojado-conmigo-mismo-porque-me-descuide\/","title":{"rendered":"Recuperado de coronavirus, Ruggeri volvi\u00f3 a la tele: \"Estoy enojado conmigo mismo porque me descuide\""},"content":{"rendered":"\n<p>El campe\u00f3n del mundo con Argentina en 1986 regres\u00f3 al programa de ESPN y cont\u00f3 su proceso con el Covid-19.<\/p>\n\n\n\n<figure class=\"wp-block-image\"><img decoding=\"async\" src=\"https:\/\/cdnmd.lavoz.com.ar\/sites\/default\/files\/styles\/width_1072\/public\/nota_periodistica\/ruggeri_1603132865.jpg\" alt=\"Oscar Ruggeri. Recuperado de Covid, regres\u00f3 al programa de ESPN. (Imagen de TV)\"\/><\/figure>\n\n\n\n<p>Oscar Ruggeri. Recuperado de Covid, regres\u00f3 al programa de ESPN. (Imagen de TV)<\/p>\n\n\n\n<p><a href=\"https:\/\/mundod.lavoz.com.ar\/categoria\/temas-libres-9427\" target=\"_blank\" rel=\"noreferrer noopener\"><strong>Oscar Ruggeri<\/strong><\/a>&nbsp;super\u00f3 el coronavirus, recibi\u00f3 el alta m\u00e9dida y&nbsp;<strong>reapareci\u00f3&nbsp;<\/strong>este lunes al programa&nbsp;<strong>90 minutos de f\u00fatbol<\/strong>, que se emite por<strong>&nbsp;ESPN.<\/strong><\/p>\n\n\n\n<blockquote class=\"wp-block-quote\"><p>\"Estoy enojado conmigo mismo porque me descuide. Cada uno tiene que ser responsable y me descuide. Sal\u00ed de ac\u00e1 y me junt\u00e9, al pedo.&nbsp;Ten\u00eda que hacer un zoom y no sab\u00eda como hacerlo. Vinieron a ponerme el zoom en la computadora y me saque el barbijo,&nbsp;fueron 15 minutos\", confes\u00f3 Ruggeri.<\/p><\/blockquote>\n\n\n\n<p>El pasado 6 de octubre se\u00a0<a href=\"https:\/\/mundod.lavoz.com.ar\/futbol\/oscar-ruggeri-confirmo-que-tiene-coronavirus\" target=\"_blank\" rel=\"noreferrer noopener\"><strong>confirm\u00f3 que hab\u00eda dado positivo de Covid-19<\/strong><\/a>.<\/p>\n\n\n\n<figure class=\"wp-block-embed-twitter wp-block-embed is-type-rich is-provider-twitter\"><div class=\"wp-block-embed__wrapper\">\n<blockquote class=\"twitter-tweet\" data-width=\"500\" data-dnt=\"true\"><p lang=\"es\" dir=\"ltr\"><a href=\"https:\/\/twitter.com\/hashtag\/90MinutosESPN?src=hash&amp;ref_src=twsrc%5Etfw\">#90MinutosESPN<\/a> | \u00a1VOLVI\u00d3 EL CABEZ\u00d3N!<br><br>Pase, maestro. Lo est\u00e1bamos esperando. As\u00ed cont\u00f3 Oscar Ruggeri su experiencia con el coronavirus. <a href=\"https:\/\/t.co\/9tdkcCdkaP\">pic.twitter.com\/9tdkcCdkaP<\/a><\/p>&mdash; ESPN F\u00fatbol Club Argentina (@ESPNFCarg) <a href=\"https:\/\/twitter.com\/ESPNFCarg\/status\/1318221907255267333?ref_src=twsrc%5Etfw\">October 19, 2020<\/a><\/blockquote><script async src=\"https:\/\/platform.twitter.com\/widgets.js\" charset=\"utf-8\"><\/script>\n<\/div><\/figure>\n\n\n\n<p>\"Yo fui de privilegio porque&nbsp;estaba en mi casa y no tuve fiebre, pero te aisl\u00e1s y es duro.&nbsp;Cont\u00e9 hasta los pasos que ten\u00eda la habitaci\u00f3n y el ba\u00f1o. Chocaba la pared.&nbsp;Me dejaban la comida en la puerta. Creo que la perra estaba mejor que yo\", expres\u00f3 el campe\u00f3n del mundo con la selecci\u00f3n en M\u00e9xico 1986.<\/p>\n\n\n\n<p>\"Muchos piensan que es mejor tener el coronavirus y listo.No se lo recomiendo a nadie, y eso que yo fui leve.&nbsp;Me agarr\u00f3 dos veces un&nbsp;dolor de espalda ydaba vuelta el colch\u00f3n.<strong>&nbsp;No pod\u00eda dormir\"<\/strong>, relat\u00f3 Ruggeri.<\/p>\n\n\n\n<p>Sobre si tuvo miedo de morir, confes\u00f3 que \"ideas negativas\" le aparec\u00edan a la noche.<\/p>\n\n\n\n<p>Expres\u00f3 temor por su familia: \"Un d\u00eda voy al ba\u00f1o. Estaba sentado en el inodoro y digo:&nbsp;no tengo olor, soy un genio. No me daba cuenta y digo:&nbsp;a la mierda, perd\u00ed el olfato. Ah\u00ed me di cuenta. Yo ven\u00eda bien y de pronto:&nbsp;pah\".<\/p>\n\n\n\n<p>\"Es bravo el tema. Gracias por estar. Hubo d\u00edas que no ten\u00eda ganas. Estaba enojado porque fui responsable. No es que dije: esto es joda, es mentira\", record\u00f3.<\/p>\n","protected":false},"excerpt":{"rendered":"<p>El campe\u00f3n del mundo con Argentina en 1986 regres\u00f3 al programa de ESPN y cont\u00f3 su proceso con el Covid-19. Oscar Ruggeri. Recuperado de Covid, regres\u00f3 al programa de ESPN. (Imagen de TV) Oscar Ruggeri&nbsp;super\u00f3 el coronavirus, recibi\u00f3 el alta m\u00e9dida y&nbsp;reapareci\u00f3&nbsp;este lunes al programa&nbsp;90 minutos de f\u00fatbol, que se emite por&nbsp;ESPN. \"Estoy enojado conmigo [&hellip;]<\/p>\n","protected":false},"author":40,"featured_media":271971,"comment_status":"open","ping_status":"open","sticky":false,"template":"","format":"standard","meta":{"_stopmodifiedupdate":false,"_modified_date":"","inline_featured_image":false,"spay_email":"","jetpack_publicize_message":""},"categories":[21],"tags":[],"jetpack_featured_media_url":"https:\/\/notinor.com\/jujuy\/wp-content\/uploads\/2020\/10\/ruggeri_1603132865.jpg","jetpack_publicize_connections":[],"_links":{"self":[{"href":"https:\/\/notinor.com\/jujuy\/wp-json\/wp\/v2\/posts\/271970"}],"collection":[{"href":"https:\/\/notinor.com\/jujuy\/wp-json\/wp\/v2\/posts"}],"about":[{"href":"https:\/\/notinor.com\/jujuy\/wp-json\/wp\/v2\/types\/post"}],"author":[{"embeddable":true,"href":"https:\/\/notinor.com\/jujuy\/wp-json\/wp\/v2\/users\/40"}],"replies":[{"embeddable":true,"href":"https:\/\/notinor.com\/jujuy\/wp-json\/wp\/v2\/comments?post=271970"}],"version-history":[{"count":1,"href":"https:\/\/notinor.com\/jujuy\/wp-json\/wp\/v2\/posts\/271970\/revisions"}],"predecessor-version":[{"id":271972,"href":"https:\/\/notinor.com\/jujuy\/wp-json\/wp\/v2\/posts\/271970\/revisions\/271972"}],"wp:featuredmedia":[{"embeddable":true,"href":"https:\/\/notinor.com\/jujuy\/wp-json\/wp\/v2\/media\/271971"}],"wp:attachment":[{"href":"https:\/\/notinor.com\/jujuy\/wp-json\/wp\/v2\/media?parent=271970"}],"wp:term":[{"taxonomy":"category","embeddable":true,"href":"https:\/\/notinor.com\/jujuy\/wp-json\/wp\/v2\/categories?post=271970"},{"taxonomy":"post_tag","embeddable":true,"href":"https:\/\/notinor.com\/jujuy\/wp-json\/wp\/v2\/tags?post=271970"}],"curies":[{"name":"wp","href":"https:\/\/api.w.org\/{rel}","templated":true}]}}