{"id":271966,"date":"2020-10-20T11:41:05","date_gmt":"2020-10-20T14:41:05","guid":{"rendered":"https:\/\/notinor.com\/jujuy\/?p=271966"},"modified":"2022-04-28T00:15:41","modified_gmt":"2022-04-28T03:15:41","slug":"las-lagrimas-de-guillermo-andino-en-su-vuelta-a-la-television","status":"publish","type":"post","link":"https:\/\/notinor.com\/jujuy\/las-lagrimas-de-guillermo-andino-en-su-vuelta-a-la-television\/","title":{"rendered":"Las l\u00e1grimas de Guillermo Andino en su vuelta a la televisi\u00f3n"},"content":{"rendered":"\n<p>El conductor se mostr\u00f3 muy emocionado en su regreso a la televisi\u00f3n tras recuperarse del coronavirus. Frente a sus compa\u00f1eros, cont\u00f3 que tuvo un sue\u00f1o revelador. En la nota, el video.<\/p>\n\n\n\n<div class=\"wp-block-image\"><figure class=\"aligncenter is-resized\"><img decoding=\"async\" loading=\"lazy\" src=\"https:\/\/www.mdzol.com\/u\/fotografias\/m\/2020\/10\/19\/f848x477-970958_1028761_5050.jpg\" alt=\"\" width=\"599\" height=\"337\"\/><\/figure><\/div>\n\n\n\n<p>Tras haber dado positivo de coronavirus y faltar a su programa durante casi dos semanas este lunes&nbsp;<a href=\"https:\/\/es.wikipedia.org\/wiki\/Guillermo_Andino\">Guillermo Andino<\/a>&nbsp;regres\u00f3 a Informados de todo, y brind\u00f3 unas emotivas palabras sobre la situaci\u00f3n que atraves\u00f3.<\/p>\n\n\n\n<p>El conductor se mostr\u00f3 visiblemente conmovido, ya que dado que a los 20 a\u00f1os padeci\u00f3 tuberculosis, tem\u00eda por complicaciones en su sistema respiratorio. \"<strong>Me asust\u00e9 mucho, el miedo es no poder contarla. Esto es as\u00ed. Por suerte no pas\u00f3,\u00a0lo transit\u00e9 sin dificultades respiratorias que era mi miedo,\u00a0porque cuando ten\u00e9s ese tipo de enfermedades te queda afectado el pulm\u00f3n<\/strong>\", confes\u00f3.<\/p>\n\n\n\n<p>Y agreg\u00f3: \"<strong>Sigo sosteniendo que&nbsp;mi mejor equipo de producci\u00f3n es mi familia. Tuve dos d\u00edas de dolor de cabeza casi insoportable. Empec\u00e9 a rezar y me dorm\u00ed cinco horas y me despert\u00e9 bien<\/strong>\".<\/p>\n\n\n\n<p>Al contar que tuvo un sue\u00f1o con su padre Ram\u00f3n, no pudo evitar las l\u00e1grimas:\u00a0\"S<strong>o\u00f1\u00e9,\u00a0yo nunca sue\u00f1o. Cuando estamos en las mesas familiares me cargan porque todos sue\u00f1an y yo no. Y\u00a0so\u00f1\u00e9 que caminaba con mi viejo por la playa, sin hablar, fue como una caminata muy tranquilizadora. \u00c9l se re\u00eda y yo hablaba, entonces lo tom\u00e9 como un mensaje muy positivo;\u00a0porque aparte repito, yo nunca sue\u00f1o. Va, en realidad, todos lo hacemos, pero solo me acuerdo dos sue\u00f1os al a\u00f1o<\/strong>\".\u00a0<\/p>\n\n\n\n<figure class=\"wp-block-embed-youtube wp-block-embed is-type-video is-provider-youtube wp-embed-aspect-16-9 wp-has-aspect-ratio\"><div class=\"wp-block-embed__wrapper\">\n<div class=\"jeg_video_container jeg_video_content\"><iframe loading=\"lazy\" title=\"Guillermo Andino volvi\u00f3 a Informados de todo tras recuperarse de COVID\" width=\"500\" height=\"281\" src=\"https:\/\/www.youtube.com\/embed\/3m7bTRwTIV8?feature=oembed\" frameborder=\"0\" allow=\"accelerometer; autoplay; clipboard-write; encrypted-media; gyroscope; picture-in-picture\" allowfullscreen><\/iframe><\/div>\n<\/div><\/figure>\n\n\n\n<p><\/p>\n","protected":false},"excerpt":{"rendered":"<p>El conductor se mostr\u00f3 muy emocionado en su regreso a la televisi\u00f3n tras recuperarse del coronavirus. Frente a sus compa\u00f1eros, cont\u00f3 que tuvo un sue\u00f1o revelador. En la nota, el video. Tras haber dado positivo de coronavirus y faltar a su programa durante casi dos semanas este lunes&nbsp;Guillermo Andino&nbsp;regres\u00f3 a Informados de todo, y brind\u00f3 [&hellip;]<\/p>\n","protected":false},"author":40,"featured_media":271967,"comment_status":"open","ping_status":"open","sticky":false,"template":"","format":"standard","meta":{"_stopmodifiedupdate":false,"_modified_date":"","inline_featured_image":false,"spay_email":"","jetpack_publicize_message":""},"categories":[21],"tags":[],"jetpack_featured_media_url":"https:\/\/notinor.com\/jujuy\/wp-content\/uploads\/2020\/10\/f848x477-970958_1028761_5050.jpg","jetpack_publicize_connections":[],"_links":{"self":[{"href":"https:\/\/notinor.com\/jujuy\/wp-json\/wp\/v2\/posts\/271966"}],"collection":[{"href":"https:\/\/notinor.com\/jujuy\/wp-json\/wp\/v2\/posts"}],"about":[{"href":"https:\/\/notinor.com\/jujuy\/wp-json\/wp\/v2\/types\/post"}],"author":[{"embeddable":true,"href":"https:\/\/notinor.com\/jujuy\/wp-json\/wp\/v2\/users\/40"}],"replies":[{"embeddable":true,"href":"https:\/\/notinor.com\/jujuy\/wp-json\/wp\/v2\/comments?post=271966"}],"version-history":[{"count":1,"href":"https:\/\/notinor.com\/jujuy\/wp-json\/wp\/v2\/posts\/271966\/revisions"}],"predecessor-version":[{"id":271968,"href":"https:\/\/notinor.com\/jujuy\/wp-json\/wp\/v2\/posts\/271966\/revisions\/271968"}],"wp:featuredmedia":[{"embeddable":true,"href":"https:\/\/notinor.com\/jujuy\/wp-json\/wp\/v2\/media\/271967"}],"wp:attachment":[{"href":"https:\/\/notinor.com\/jujuy\/wp-json\/wp\/v2\/media?parent=271966"}],"wp:term":[{"taxonomy":"category","embeddable":true,"href":"https:\/\/notinor.com\/jujuy\/wp-json\/wp\/v2\/categories?post=271966"},{"taxonomy":"post_tag","embeddable":true,"href":"https:\/\/notinor.com\/jujuy\/wp-json\/wp\/v2\/tags?post=271966"}],"curies":[{"name":"wp","href":"https:\/\/api.w.org\/{rel}","templated":true}]}}