{"id":271920,"date":"2020-10-20T07:45:00","date_gmt":"2020-10-20T10:45:00","guid":{"rendered":"https:\/\/notinor.com\/jujuy\/?p=271920"},"modified":"2020-10-20T10:33:37","modified_gmt":"2020-10-20T13:33:37","slug":"trabajo-mancomunado-para-fortalecer-el-sector-tabacalera","status":"publish","type":"post","link":"https:\/\/notinor.com\/jujuy\/trabajo-mancomunado-para-fortalecer-el-sector-tabacalera\/","title":{"rendered":"Trabajo mancomunado para fortalecer el sector tabacalero"},"content":{"rendered":"\n<p>Gerardo Morales y el ministro de Desarrollo Productivo, Lello Ivacevich, recibieron a las autoridades tabacaleras de la provincia. <\/p>\n\n\n\n<figure class=\"wp-block-image size-large\"><img decoding=\"async\" loading=\"lazy\" width=\"720\" height=\"480\" src=\"https:\/\/notinor.com\/jujuy\/wp-content\/uploads\/2020\/10\/DSC_1153-1140x760-1-720x480.jpg\" alt=\"\" class=\"wp-image-271921\" srcset=\"https:\/\/notinor.com\/jujuy\/wp-content\/uploads\/2020\/10\/DSC_1153-1140x760-1-720x480.jpg 720w, https:\/\/notinor.com\/jujuy\/wp-content\/uploads\/2020\/10\/DSC_1153-1140x760-1-548x365.jpg 548w, https:\/\/notinor.com\/jujuy\/wp-content\/uploads\/2020\/10\/DSC_1153-1140x760-1-768x512.jpg 768w, https:\/\/notinor.com\/jujuy\/wp-content\/uploads\/2020\/10\/DSC_1153-1140x760-1-750x500.jpg 750w, https:\/\/notinor.com\/jujuy\/wp-content\/uploads\/2020\/10\/DSC_1153-1140x760-1.jpg 1140w\" sizes=\"(max-width: 720px) 100vw, 720px\" \/><\/figure>\n\n\n\n<p>El Gobernador de la Provincia, Gerardo Morales, recibi\u00f3 junto al Ministro de Desarrollo Econ\u00f3mico y Producci\u00f3n, Exequiel Lello Ivacevich, a directivos de la Cooperativa de Tabacaleros de Jujuy y la C\u00e1mara del Tabaco de Jujuy. En la ocasi\u00f3n se abord\u00f3 la realidad del mencionado sector productivo y la necesidad de articular esfuerzos en conjunto para fortalecer la producci\u00f3n de tabaco, proyectando acciones del Estado que apunten a ese objetivo.<\/p>\n\n\n\n<p>Al t\u00e9rmino de la reuni\u00f3n, la Secretaria de Desarrollo Productivo, Patricia R\u00edos, se\u00f1al\u00f3 que \u201cel balance del encuentro fue positivo, no solo porque el Gobernador Morales se interioriz\u00f3 de la agenda del sector tabacalero, sino que se analiz\u00f3 tambi\u00e9n el trabajo de cada una de las partes en pos de la consolidaci\u00f3n de la actividad productiva tabacalera\u201d.<\/p>\n\n\n\n<p>Asimismo, R\u00edos coment\u00f3 que el Gobernador explic\u00f3 c\u00f3mo se est\u00e1n llevando adelante las gestiones vinculadas al FET, y adem\u00e1s pudo agendar las necesidades, tanto de la C\u00e1mara del Tabaco y la Cooperativa de Tabacaleros de Jujuy.<\/p>\n\n\n\n<p>\u201cHemos escuchado el detalle y el balance de la superficie que cultivaron el a\u00f1o pasado, que fueron 13 mil hect\u00e1reas. Y este a\u00f1o se repetir\u00e1 igual cantidad de tierras, lo cual es una buena noticia para el sector. Este es el resultado de lo que se est\u00e1 haciendo desde la cartera de Desarrollo Econ\u00f3mico y Producci\u00f3n ya que estas 13 mil hect\u00e1reas son parte del resultado de haber llevado adelante uno de los planes operativos anuales que es el de fertilizantes e insumos\u201d, destac\u00f3 la funcionaria provincial.<\/p>\n\n\n\n<p>En tal sentido, profundiz\u00f3 que dicho plan permiti\u00f3 dotar en tiempo y en forma a los productores de elementos para que tuvieran una producci\u00f3n de calidad.<\/p>\n\n\n\n<p>Otro de los aspectos dialogados en la ocasi\u00f3n est\u00e1 relacionado a c\u00f3mo se va a abordar la cuesti\u00f3n de la cosecha, recordando que diciembre es la fecha en la que realiza esa etapa de la producci\u00f3n del tabaco.<\/p>\n\n\n\n<p>Cabe recordar que en diciembre del a\u00f1o pasado se entregaron microcr\u00e9ditos del Consejo de la Microempresa que se destinaron a tal fin, y es intenci\u00f3n de volver a implementarlo con m\u00e1s alcance a dicha acci\u00f3n.<\/p>\n\n\n\n<p>Por \u00faltimo, la funcionaria provincial hizo hincapi\u00e9 en que en este escenario actual de pandemia es necesario un trabajo conjunto entre los diversos sectores para realizar proyecciones de m\u00e1s acciones coordinadas.<\/p>\n\n\n\n<p>En tanto el presidente de la Cooperativa de Tabacaleros de Jujuy, Sergio Mancini, agradeci\u00f3 el recibimiento del Gobernador Morales y la preocupaci\u00f3n sobre el presente del sector tabacalero juje\u00f1o y el inter\u00e9s de escuchar las inquietudes de los productores.<\/p>\n\n\n\n<p>Mancini se\u00f1al\u00f3 que se le explic\u00f3 al Mandatario provincial c\u00f3mo se est\u00e1 trabajando desde la instituci\u00f3n que preside en el marco de esta pandemia.<\/p>\n\n\n\n<p>Por \u00faltimo, adelant\u00f3 que se est\u00e1 proyectando c\u00f3mo ser\u00e1 la nueva campa\u00f1a y que es necesario trabajar en conjunto entre todas las partes. &nbsp;<\/p>\n\n\n\n<p>Participaron de la reuni\u00f3n adem\u00e1s de los mencionados el legislador provincial Fabian Tejerina; el titular de la C\u00e1mara del Tabaco de Jujuy, Pedro Pascuttini; y miembros de los consejos directivos de ambas instituciones se\u00f1aladas.<\/p>\n","protected":false},"excerpt":{"rendered":"<p>Gerardo Morales y el ministro de Desarrollo Productivo, Lello Ivacevich, recibieron a las autoridades tabacaleras de la provincia. El Gobernador de la Provincia, Gerardo Morales, recibi\u00f3 junto al Ministro de Desarrollo Econ\u00f3mico y Producci\u00f3n, Exequiel Lello Ivacevich, a directivos de la Cooperativa de Tabacaleros de Jujuy y la C\u00e1mara del Tabaco de Jujuy. En la [&hellip;]<\/p>\n","protected":false},"author":1,"featured_media":271921,"comment_status":"open","ping_status":"open","sticky":false,"template":"","format":"standard","meta":{"_stopmodifiedupdate":false,"_modified_date":"","inline_featured_image":false,"spay_email":"","jetpack_publicize_message":""},"categories":[2,501],"tags":[],"jetpack_featured_media_url":"https:\/\/notinor.com\/jujuy\/wp-content\/uploads\/2020\/10\/DSC_1153-1140x760-1.jpg","jetpack_publicize_connections":[],"_links":{"self":[{"href":"https:\/\/notinor.com\/jujuy\/wp-json\/wp\/v2\/posts\/271920"}],"collection":[{"href":"https:\/\/notinor.com\/jujuy\/wp-json\/wp\/v2\/posts"}],"about":[{"href":"https:\/\/notinor.com\/jujuy\/wp-json\/wp\/v2\/types\/post"}],"author":[{"embeddable":true,"href":"https:\/\/notinor.com\/jujuy\/wp-json\/wp\/v2\/users\/1"}],"replies":[{"embeddable":true,"href":"https:\/\/notinor.com\/jujuy\/wp-json\/wp\/v2\/comments?post=271920"}],"version-history":[{"count":2,"href":"https:\/\/notinor.com\/jujuy\/wp-json\/wp\/v2\/posts\/271920\/revisions"}],"predecessor-version":[{"id":271936,"href":"https:\/\/notinor.com\/jujuy\/wp-json\/wp\/v2\/posts\/271920\/revisions\/271936"}],"wp:featuredmedia":[{"embeddable":true,"href":"https:\/\/notinor.com\/jujuy\/wp-json\/wp\/v2\/media\/271921"}],"wp:attachment":[{"href":"https:\/\/notinor.com\/jujuy\/wp-json\/wp\/v2\/media?parent=271920"}],"wp:term":[{"taxonomy":"category","embeddable":true,"href":"https:\/\/notinor.com\/jujuy\/wp-json\/wp\/v2\/categories?post=271920"},{"taxonomy":"post_tag","embeddable":true,"href":"https:\/\/notinor.com\/jujuy\/wp-json\/wp\/v2\/tags?post=271920"}],"curies":[{"name":"wp","href":"https:\/\/api.w.org\/{rel}","templated":true}]}}