{"id":270879,"date":"2020-10-13T20:57:09","date_gmt":"2020-10-13T23:57:09","guid":{"rendered":"https:\/\/notinor.com\/jujuy\/?p=270879"},"modified":"2020-10-13T20:57:16","modified_gmt":"2020-10-13T23:57:16","slug":"llega-el-alivio-la-actividad-electrica-inicio-esta-noche-y-se-pronostican-lluvias-este-miercoles","status":"publish","type":"post","link":"https:\/\/notinor.com\/jujuy\/llega-el-alivio-la-actividad-electrica-inicio-esta-noche-y-se-pronostican-lluvias-este-miercoles\/","title":{"rendered":"\u00bfLlega el alivio? la actividad el\u00e9ctrica inici\u00f3 esta noche y se pronostican lluvias este mi\u00e9rcoles"},"content":{"rendered":"\n<p>El Servicio Metereol\u00f3gico Nacional anunci\u00f3 que hay entre un 40% y un 70% de probabilidad de precipitaciones. <\/p>\n\n\n\n<figure class=\"wp-block-image size-large\"><img decoding=\"async\" loading=\"lazy\" width=\"707\" height=\"480\" src=\"https:\/\/notinor.com\/jujuy\/wp-content\/uploads\/2020\/10\/dest_1-707x480.jpg\" alt=\"\" class=\"wp-image-270880\" srcset=\"https:\/\/notinor.com\/jujuy\/wp-content\/uploads\/2020\/10\/dest_1-707x480.jpg 707w, https:\/\/notinor.com\/jujuy\/wp-content\/uploads\/2020\/10\/dest_1-537x365.jpg 537w, https:\/\/notinor.com\/jujuy\/wp-content\/uploads\/2020\/10\/dest_1-768x522.jpg 768w, https:\/\/notinor.com\/jujuy\/wp-content\/uploads\/2020\/10\/dest_1-750x509.jpg 750w, https:\/\/notinor.com\/jujuy\/wp-content\/uploads\/2020\/10\/dest_1-1140x774.jpg 1140w, https:\/\/notinor.com\/jujuy\/wp-content\/uploads\/2020\/10\/dest_1.jpg 1200w\" sizes=\"(max-width: 707px) 100vw, 707px\" \/><figcaption>Imagen Iustrativa<\/figcaption><\/figure>\n\n\n\n<p class=\"has-text-align-justify\">D\u00edas d\u00edficiles se viven en la provincia de Jujuy, los incendios azotan el Ramal y las Yungas; sin embargo, esta noche llovi\u00f3 en algunos barrios de San Salvador y el SMN anunci\u00f3 probabilidad de lluvias en las zonas m\u00e1s afectadas este mi\u00e9rcoles.<\/p>\n\n\n\n<p>Incluso en algunos sectores, los rayos y truenos, provocaron apagones y bajas de tensi\u00f3n. La actividad el\u00e9ctrica estuvo acompa\u00f1ada por lluvias en barrios como Alto Comedero, Moreno y Cuyaya e incluso el casco c\u00e9ntrico qued\u00f3 completamente apagado.<\/p>\n\n\n\n<p class=\"has-text-align-justify\">Se prev\u00e9 que\u00a0<strong>las lluvias caigan en la tarde-noche de la jornada de ma\u00f1ana, aunque las temperaturas rondar\u00e1n los 30\u00b0. Hay entre 40 y 70% de probabilidades de precipitaciones y tormentas aisladas para las localidades de Calilegua, Yuto y Libertador.<\/strong><\/p>\n\n\n\n<figure class=\"wp-block-image\"><img decoding=\"async\" src=\"https:\/\/somosjujuy-wordpress.s3.amazonaws.com\/wp-content\/uploads\/2020\/10\/13162006\/calile.jpg\" alt=\"\"\/><\/figure>\n","protected":false},"excerpt":{"rendered":"<p>El Servicio Metereol\u00f3gico Nacional anunci\u00f3 que hay entre un 40% y un 70% de probabilidad de precipitaciones. D\u00edas d\u00edficiles se viven en la provincia de Jujuy, los incendios azotan el Ramal y las Yungas; sin embargo, esta noche llovi\u00f3 en algunos barrios de San Salvador y el SMN anunci\u00f3 probabilidad de lluvias en las zonas [&hellip;]<\/p>\n","protected":false},"author":37,"featured_media":270880,"comment_status":"open","ping_status":"open","sticky":false,"template":"","format":"standard","meta":{"_stopmodifiedupdate":false,"_modified_date":"","inline_featured_image":false,"spay_email":"","jetpack_publicize_message":""},"categories":[2],"tags":[],"jetpack_featured_media_url":"https:\/\/notinor.com\/jujuy\/wp-content\/uploads\/2020\/10\/dest_1.jpg","jetpack_publicize_connections":[],"_links":{"self":[{"href":"https:\/\/notinor.com\/jujuy\/wp-json\/wp\/v2\/posts\/270879"}],"collection":[{"href":"https:\/\/notinor.com\/jujuy\/wp-json\/wp\/v2\/posts"}],"about":[{"href":"https:\/\/notinor.com\/jujuy\/wp-json\/wp\/v2\/types\/post"}],"author":[{"embeddable":true,"href":"https:\/\/notinor.com\/jujuy\/wp-json\/wp\/v2\/users\/37"}],"replies":[{"embeddable":true,"href":"https:\/\/notinor.com\/jujuy\/wp-json\/wp\/v2\/comments?post=270879"}],"version-history":[{"count":1,"href":"https:\/\/notinor.com\/jujuy\/wp-json\/wp\/v2\/posts\/270879\/revisions"}],"predecessor-version":[{"id":270881,"href":"https:\/\/notinor.com\/jujuy\/wp-json\/wp\/v2\/posts\/270879\/revisions\/270881"}],"wp:featuredmedia":[{"embeddable":true,"href":"https:\/\/notinor.com\/jujuy\/wp-json\/wp\/v2\/media\/270880"}],"wp:attachment":[{"href":"https:\/\/notinor.com\/jujuy\/wp-json\/wp\/v2\/media?parent=270879"}],"wp:term":[{"taxonomy":"category","embeddable":true,"href":"https:\/\/notinor.com\/jujuy\/wp-json\/wp\/v2\/categories?post=270879"},{"taxonomy":"post_tag","embeddable":true,"href":"https:\/\/notinor.com\/jujuy\/wp-json\/wp\/v2\/tags?post=270879"}],"curies":[{"name":"wp","href":"https:\/\/api.w.org\/{rel}","templated":true}]}}