{"id":270867,"date":"2020-10-13T18:41:32","date_gmt":"2020-10-13T21:41:32","guid":{"rendered":"https:\/\/notinor.com\/jujuy\/?p=270867"},"modified":"2020-10-13T18:42:18","modified_gmt":"2020-10-13T21:42:18","slug":"detuvieron-a-un-hombre-que-golpeaba-a-su-pareja","status":"publish","type":"post","link":"https:\/\/notinor.com\/jujuy\/detuvieron-a-un-hombre-que-golpeaba-a-su-pareja\/","title":{"rendered":"Detuvieron a un hombre mientras golpeaba a su pareja"},"content":{"rendered":"\n<p>El hecho sucedi\u00f3 en la ciudad de Perico, el violento hombre fue detenido.<\/p>\n\n\n\n<figure class=\"wp-block-image size-large\"><img decoding=\"async\" loading=\"lazy\" width=\"798\" height=\"480\" src=\"https:\/\/notinor.com\/jujuy\/wp-content\/uploads\/2020\/09\/UR6-Perico-798x480.jpeg\" alt=\"\" class=\"wp-image-264469\" srcset=\"https:\/\/notinor.com\/jujuy\/wp-content\/uploads\/2020\/09\/UR6-Perico-798x480.jpeg 798w, https:\/\/notinor.com\/jujuy\/wp-content\/uploads\/2020\/09\/UR6-Perico-607x365.jpeg 607w, https:\/\/notinor.com\/jujuy\/wp-content\/uploads\/2020\/09\/UR6-Perico-768x462.jpeg 768w, https:\/\/notinor.com\/jujuy\/wp-content\/uploads\/2020\/09\/UR6-Perico-750x451.jpeg 750w, https:\/\/notinor.com\/jujuy\/wp-content\/uploads\/2020\/09\/UR6-Perico-1140x686.jpeg 1140w, https:\/\/notinor.com\/jujuy\/wp-content\/uploads\/2020\/09\/UR6-Perico.jpeg 1280w\" sizes=\"(max-width: 798px) 100vw, 798px\" \/><\/figure>\n\n\n\n<p>En horas de la tarde detuvieron a un \"golpeador\" en la ciudad de Perico. El terrible hecho de violencia de g\u00e9nero ocurri\u00f3 en el barrio perique\u00f1o de La Paz.<\/p>\n\n\n\n<p>Los agentes del Comando de Seguridad Ciudadana \"Escal\u00f3n Garra\", perteneciente a la Unidad Regional N\u00b06 con asiento en la ciudad de Perico, detuvieron esta tarde a un hombre en momentos en que golpeaba ferozmente a su pareja en el interior del domicilio de ambos.<\/p>\n\n\n\n<p>El sujeto de 26 a\u00f1os intent\u00f3 resistirse al arresto y propin\u00f3 golpes de pu\u00f1os y patadas a los uniformados del Comando de Seguridad. Finalmente pudo ser reducido y se lo traslad\u00f3 a la comisar\u00eda del barrio La Paz, donde qued\u00f3 a disposici\u00f3n de la Justicia.<\/p>\n\n\n\n<p>En otro hecho de violencia de g\u00e9nero, el d\u00eda de ayer se detuvo a un hombre de 39 a\u00f1os que apu\u00f1al\u00f3 reiteradas veces a su pareja en Monterrico. El sujeto intent\u00f3 asesinarla, ocasion\u00e1ndole serias heridas en el abdomen a la altura de las costillas por lo que debi\u00f3 ser trasladada al hospital Pablo Soria de la Capital.<\/p>\n\n\n\n<p><em><strong>Relacionado: <a href=\"https:\/\/notinor.com\/jujuy\/monterrico-un-hombre-intento-asesinar-a-su-pareja-a-punaladas\/\">Monterrico, un hombre intent\u00f3 asesinar a su pareja a pu\u00f1aladas<\/a><\/strong><\/em><\/p>\n\n\n\n<figure class=\"wp-block-image size-large\"><img decoding=\"async\" loading=\"lazy\" width=\"410\" height=\"480\" src=\"https:\/\/notinor.com\/jujuy\/wp-content\/uploads\/2020\/10\/perico-golpeador-410x480.jpeg\" alt=\"\" class=\"wp-image-270868\" srcset=\"https:\/\/notinor.com\/jujuy\/wp-content\/uploads\/2020\/10\/perico-golpeador-410x480.jpeg 410w, https:\/\/notinor.com\/jujuy\/wp-content\/uploads\/2020\/10\/perico-golpeador-312x365.jpeg 312w, https:\/\/notinor.com\/jujuy\/wp-content\/uploads\/2020\/10\/perico-golpeador.jpeg 480w\" sizes=\"(max-width: 410px) 100vw, 410px\" \/><\/figure>\n\n\n\n<p><\/p>\n","protected":false},"excerpt":{"rendered":"<p>El hecho sucedi\u00f3 en la ciudad de Perico, el violento hombre fue detenido. En horas de la tarde detuvieron a un \"golpeador\" en la ciudad de Perico. El terrible hecho de violencia de g\u00e9nero ocurri\u00f3 en el barrio perique\u00f1o de La Paz. Los agentes del Comando de Seguridad Ciudadana \"Escal\u00f3n Garra\", perteneciente a la Unidad [&hellip;]<\/p>\n","protected":false},"author":1,"featured_media":266890,"comment_status":"open","ping_status":"open","sticky":false,"template":"","format":"standard","meta":{"_stopmodifiedupdate":false,"_modified_date":"","inline_featured_image":false,"spay_email":"","jetpack_publicize_message":""},"categories":[4,3],"tags":[],"jetpack_featured_media_url":"https:\/\/notinor.com\/jujuy\/wp-content\/uploads\/2020\/09\/UR6-Perico2.jpg","jetpack_publicize_connections":[],"_links":{"self":[{"href":"https:\/\/notinor.com\/jujuy\/wp-json\/wp\/v2\/posts\/270867"}],"collection":[{"href":"https:\/\/notinor.com\/jujuy\/wp-json\/wp\/v2\/posts"}],"about":[{"href":"https:\/\/notinor.com\/jujuy\/wp-json\/wp\/v2\/types\/post"}],"author":[{"embeddable":true,"href":"https:\/\/notinor.com\/jujuy\/wp-json\/wp\/v2\/users\/1"}],"replies":[{"embeddable":true,"href":"https:\/\/notinor.com\/jujuy\/wp-json\/wp\/v2\/comments?post=270867"}],"version-history":[{"count":2,"href":"https:\/\/notinor.com\/jujuy\/wp-json\/wp\/v2\/posts\/270867\/revisions"}],"predecessor-version":[{"id":270870,"href":"https:\/\/notinor.com\/jujuy\/wp-json\/wp\/v2\/posts\/270867\/revisions\/270870"}],"wp:featuredmedia":[{"embeddable":true,"href":"https:\/\/notinor.com\/jujuy\/wp-json\/wp\/v2\/media\/266890"}],"wp:attachment":[{"href":"https:\/\/notinor.com\/jujuy\/wp-json\/wp\/v2\/media?parent=270867"}],"wp:term":[{"taxonomy":"category","embeddable":true,"href":"https:\/\/notinor.com\/jujuy\/wp-json\/wp\/v2\/categories?post=270867"},{"taxonomy":"post_tag","embeddable":true,"href":"https:\/\/notinor.com\/jujuy\/wp-json\/wp\/v2\/tags?post=270867"}],"curies":[{"name":"wp","href":"https:\/\/api.w.org\/{rel}","templated":true}]}}