{"id":270864,"date":"2020-10-13T18:13:16","date_gmt":"2020-10-13T21:13:16","guid":{"rendered":"https:\/\/notinor.com\/jujuy\/?p=270864"},"modified":"2020-10-13T18:13:20","modified_gmt":"2020-10-13T21:13:20","slug":"el-poder-judicial-declaro-emergencia-por-violencia-de-genero","status":"publish","type":"post","link":"https:\/\/notinor.com\/jujuy\/el-poder-judicial-declaro-emergencia-por-violencia-de-genero\/","title":{"rendered":"El Poder Judicial declar\u00f3 emergencia por violencia de g\u00e9nero"},"content":{"rendered":"\n<p>Se pondr\u00e1n en funcionamiento los Juzgados Especializados de Perico, Humahuaca y Libertador General San Mart\u00edn.<\/p>\n\n\n\n<figure class=\"wp-block-image size-large\"><img decoding=\"async\" loading=\"lazy\" width=\"840\" height=\"463\" src=\"https:\/\/notinor.com\/jujuy\/wp-content\/uploads\/2020\/10\/Centro-judicial-Lib-Gral-San-Mar-840x463.jpeg\" alt=\"\" class=\"wp-image-270865\" srcset=\"https:\/\/notinor.com\/jujuy\/wp-content\/uploads\/2020\/10\/Centro-judicial-Lib-Gral-San-Mar-840x463.jpeg 840w, https:\/\/notinor.com\/jujuy\/wp-content\/uploads\/2020\/10\/Centro-judicial-Lib-Gral-San-Mar-660x365.jpeg 660w, https:\/\/notinor.com\/jujuy\/wp-content\/uploads\/2020\/10\/Centro-judicial-Lib-Gral-San-Mar-768x424.jpeg 768w, https:\/\/notinor.com\/jujuy\/wp-content\/uploads\/2020\/10\/Centro-judicial-Lib-Gral-San-Mar-750x414.jpeg 750w, https:\/\/notinor.com\/jujuy\/wp-content\/uploads\/2020\/10\/Centro-judicial-Lib-Gral-San-Mar-1140x629.jpeg 1140w, https:\/\/notinor.com\/jujuy\/wp-content\/uploads\/2020\/10\/Centro-judicial-Lib-Gral-San-Mar.jpeg 1280w\" sizes=\"(max-width: 840px) 100vw, 840px\" \/><\/figure>\n\n\n\n<p>Con el fin de resolver de manera urgente y prioritaria el acceso a la justicia de aquellas personas que se encuentren en estado de indefensi\u00f3n por ser v\u00edctimas de violencia de g\u00e9nero o intrafamiliar, el Superior Tribunal de Justicia declar\u00f3 hoy la Emergencia del Poder Judicial en el Fuero Especializado en Violencia de G\u00e9nero.<\/p>\n\n\n\n<p>En ese marco, el STJ orden\u00f3 la puesta en funcionamiento de los Juzgados Especializados en Violencia de Genero de las ciudades de Perico, Humahuaca y Libertador General San Mart\u00edn, a partir del pr\u00f3ximo lunes 19 de octubre.<\/p>\n\n\n\n<p>La medida fue dispuesta mediante Acordada N\u00ba 114\/2020 considerando la situaci\u00f3n que atraviesa la Provincia de Jujuy en el contexto de la pandemia por COVID-19 que result\u00f3 en graves consecuencias en el \u00e1mbito de la violencia de g\u00e9nero, que sufri\u00f3 un incremento preocupante en este \u00faltimo tiempo. Por ello se decidi\u00f3 declarar la emergencia del Poder Judicial.<\/p>\n\n\n\n<p>La Acordada refiere a la Ley N\u00ba 5.897 del a\u00f1o 2015 que dispone la \u201cCreaci\u00f3n de los Juzgados especializados en Violencia de G\u00e9nero\u201d por la cual se crearon seis juzgados y seis fiscal\u00edas especializadas en igual materia. Estos fueron distribuidos de la siguiente manera: dos en San Salvador de Jujuy; uno en San Pedro de Jujuy; uno en Libertador General San Mart\u00edn; uno Perico y uno en Humahuaca.<\/p>\n\n\n\n<p>De ellos, se encuentran disponibles los dos de San Salvador de Jujuy y el de San Pedro; y pendiente de cubrir los cargos destinados a las ciudades de Perico, Humahuaca y Libertador General San Mart\u00edn.<\/p>\n\n\n\n<p>Por ello, el Superior Tribunal de Justicia consider\u00f3 que en la actual situaci\u00f3n de emergencia, se hace necesario poner en funcionamiento estos Juzgados, disponiendo de los recursos humanos y econ\u00f3micos con los que se cuentan en la actualidad, a los fines de distribuir de manera org\u00e1nica y funcional la atenci\u00f3n de dichas causas y denuncias, de manera provisoria y hasta tanto los Poderes Legislativo y Ejecutivo designen la cobertura de las magistraturas y provean las partidas presupuestarias correspondientes para tal fin.<\/p>\n\n\n\n<p>Entonces, mediante Acordada N\u00ba 115\/2020 el STJ habilit\u00f3 al <strong>Dr. Pablo Pullen Llermanos<\/strong> en los Juzgados de Perico y Humahuaca, y a la jueza<strong> Dra. Liliana Pellegrini <\/strong>en el Juzgado de Libertador Gral. San Mart\u00edn.<\/p>\n\n\n\n<p>El Juzgado Especializado de Violencia de G\u00e9nero de <strong>Libertador General San Mart\u00edn, funcionara en el edificio del Poder Judicial de esa ciudad.<\/strong><\/p>\n\n\n\n<p>En cuanto a los de <strong>Perico y Libertador <\/strong>se solicit\u00f3 a los Intendentes de los municipios que provean provisoriamente dependencias adecuadas para el funcionamiento de los Juzgados. Mientras tanto tendr\u00e1n su asiento transitorio en el Centro Judicial de San Salvador de Jujuy.<\/p>\n","protected":false},"excerpt":{"rendered":"<p>Se pondr\u00e1n en funcionamiento los Juzgados Especializados de Perico, Humahuaca y Libertador General San Mart\u00edn. Con el fin de resolver de manera urgente y prioritaria el acceso a la justicia de aquellas personas que se encuentren en estado de indefensi\u00f3n por ser v\u00edctimas de violencia de g\u00e9nero o intrafamiliar, el Superior Tribunal de Justicia declar\u00f3 [&hellip;]<\/p>\n","protected":false},"author":1,"featured_media":270865,"comment_status":"open","ping_status":"open","sticky":false,"template":"","format":"standard","meta":{"_stopmodifiedupdate":false,"_modified_date":"","inline_featured_image":false,"spay_email":"","jetpack_publicize_message":""},"categories":[501],"tags":[],"jetpack_featured_media_url":"https:\/\/notinor.com\/jujuy\/wp-content\/uploads\/2020\/10\/Centro-judicial-Lib-Gral-San-Mar.jpeg","jetpack_publicize_connections":[],"_links":{"self":[{"href":"https:\/\/notinor.com\/jujuy\/wp-json\/wp\/v2\/posts\/270864"}],"collection":[{"href":"https:\/\/notinor.com\/jujuy\/wp-json\/wp\/v2\/posts"}],"about":[{"href":"https:\/\/notinor.com\/jujuy\/wp-json\/wp\/v2\/types\/post"}],"author":[{"embeddable":true,"href":"https:\/\/notinor.com\/jujuy\/wp-json\/wp\/v2\/users\/1"}],"replies":[{"embeddable":true,"href":"https:\/\/notinor.com\/jujuy\/wp-json\/wp\/v2\/comments?post=270864"}],"version-history":[{"count":1,"href":"https:\/\/notinor.com\/jujuy\/wp-json\/wp\/v2\/posts\/270864\/revisions"}],"predecessor-version":[{"id":270866,"href":"https:\/\/notinor.com\/jujuy\/wp-json\/wp\/v2\/posts\/270864\/revisions\/270866"}],"wp:featuredmedia":[{"embeddable":true,"href":"https:\/\/notinor.com\/jujuy\/wp-json\/wp\/v2\/media\/270865"}],"wp:attachment":[{"href":"https:\/\/notinor.com\/jujuy\/wp-json\/wp\/v2\/media?parent=270864"}],"wp:term":[{"taxonomy":"category","embeddable":true,"href":"https:\/\/notinor.com\/jujuy\/wp-json\/wp\/v2\/categories?post=270864"},{"taxonomy":"post_tag","embeddable":true,"href":"https:\/\/notinor.com\/jujuy\/wp-json\/wp\/v2\/tags?post=270864"}],"curies":[{"name":"wp","href":"https:\/\/api.w.org\/{rel}","templated":true}]}}