{"id":270861,"date":"2020-10-13T15:59:06","date_gmt":"2020-10-13T18:59:06","guid":{"rendered":"https:\/\/notinor.com\/jujuy\/?p=270861"},"modified":"2020-10-13T15:59:11","modified_gmt":"2020-10-13T18:59:11","slug":"la-vacuna-contra-el-coronavirus-llegara-a-mexico-antes-de-fin-de-ano","status":"publish","type":"post","link":"https:\/\/notinor.com\/jujuy\/la-vacuna-contra-el-coronavirus-llegara-a-mexico-antes-de-fin-de-ano\/","title":{"rendered":"La vacuna contra el coronavirus llegar\u00e1 a M\u00e9xico antes de fin de a\u00f1o"},"content":{"rendered":"\n<p>El Secretario de Relaciones Exteriores del pa\u00eds centroamericano anunci\u00f3 que, en diciembre, les entregar\u00e1n las primeras tandas de las inyecciones contra el Covid-19, que ser\u00e1n destinadas prioritariamente para los trabajadores de la salud y las personas pertenecientes a grupos de riesgo.<\/p>\n\n\n\n<figure class=\"wp-block-image size-large\"><img decoding=\"async\" loading=\"lazy\" width=\"750\" height=\"381\" src=\"https:\/\/notinor.com\/jujuy\/wp-content\/uploads\/2020\/10\/vacuna-mexico.jpg\" alt=\"\" class=\"wp-image-270862\" srcset=\"https:\/\/notinor.com\/jujuy\/wp-content\/uploads\/2020\/10\/vacuna-mexico.jpg 750w, https:\/\/notinor.com\/jujuy\/wp-content\/uploads\/2020\/10\/vacuna-mexico-660x335.jpg 660w\" sizes=\"(max-width: 750px) 100vw, 750px\" \/><\/figure>\n\n\n\n<p>El 13 de octubre, el titular de la Secretar\u00eda de Relaciones Exteriores de M\u00e9xico, Marcelo Ebrar, dio a conocer que en diciembre llegar\u00e1n al pa\u00eds las primeras vacunas contra el Covid-19.<\/p>\n\n\n\n<p>El funcionario hizo el anuncio en una conferencia junto al presidente Andr\u00e9s Manuel L\u00f3pez Obrador (AMLO). Detall\u00f3 que las primeras dosis ser\u00e1n de las compa\u00f1\u00edas farmac\u00e9uticas Pfizer y CaSinoBio y que en marzo del a\u00f1o que viene recibir\u00e1n una tanda de la empresa inglesa AstraZeneca.<\/p>\n\n\n\n<p>Adem\u00e1s, Ebrard comunic\u00f3 que, durante la firma de los acuerdos de precompra con estos proveedores, se convino que M\u00e9xico obtendr\u00e1 aproximadamente 130 millones de vacunas. El pa\u00eds tiene 126.2 millones de habitantes.<\/p>\n\n\n\n<p>De esta cantidad, 77.4 millones de dosis ser\u00e1n abastecidas por AstraZeneca, las cuales llegar\u00e1n entre marzo y agosto del del a\u00f1o que viene;&nbsp; entre 15.5 y 34.4 millones por Pfizer, que se entregar\u00e1n entre diciembre 2020 y el mismo mes del de 2021; y 35 millones por CanSinoBIO, que se contempla lleguen al pa\u00eds en el mismo lapso de tiempo que el laboratorio anteriormente mencionado.<\/p>\n\n\n\n<p>El titular de la Secretar\u00eda de Salud, Jorge Alcocer, indic\u00f3 que las primeras dosis se aplicar\u00e1n solamente a trabajadores de salud y personas que pertenezcan a los grupos m\u00e1s vulnerables de la sociedad, como quienes padecen enfermedades cr\u00f3nicas.<\/p>\n","protected":false},"excerpt":{"rendered":"<p>El Secretario de Relaciones Exteriores del pa\u00eds centroamericano anunci\u00f3 que, en diciembre, les entregar\u00e1n las primeras tandas de las inyecciones contra el Covid-19, que ser\u00e1n destinadas prioritariamente para los trabajadores de la salud y las personas pertenecientes a grupos de riesgo. El 13 de octubre, el titular de la Secretar\u00eda de Relaciones Exteriores de M\u00e9xico, [&hellip;]<\/p>\n","protected":false},"author":5,"featured_media":270862,"comment_status":"open","ping_status":"open","sticky":false,"template":"","format":"standard","meta":{"_stopmodifiedupdate":false,"_modified_date":"","inline_featured_image":false,"spay_email":"","jetpack_publicize_message":""},"categories":[6],"tags":[],"jetpack_featured_media_url":"https:\/\/notinor.com\/jujuy\/wp-content\/uploads\/2020\/10\/vacuna-mexico.jpg","jetpack_publicize_connections":[],"_links":{"self":[{"href":"https:\/\/notinor.com\/jujuy\/wp-json\/wp\/v2\/posts\/270861"}],"collection":[{"href":"https:\/\/notinor.com\/jujuy\/wp-json\/wp\/v2\/posts"}],"about":[{"href":"https:\/\/notinor.com\/jujuy\/wp-json\/wp\/v2\/types\/post"}],"author":[{"embeddable":true,"href":"https:\/\/notinor.com\/jujuy\/wp-json\/wp\/v2\/users\/5"}],"replies":[{"embeddable":true,"href":"https:\/\/notinor.com\/jujuy\/wp-json\/wp\/v2\/comments?post=270861"}],"version-history":[{"count":1,"href":"https:\/\/notinor.com\/jujuy\/wp-json\/wp\/v2\/posts\/270861\/revisions"}],"predecessor-version":[{"id":270863,"href":"https:\/\/notinor.com\/jujuy\/wp-json\/wp\/v2\/posts\/270861\/revisions\/270863"}],"wp:featuredmedia":[{"embeddable":true,"href":"https:\/\/notinor.com\/jujuy\/wp-json\/wp\/v2\/media\/270862"}],"wp:attachment":[{"href":"https:\/\/notinor.com\/jujuy\/wp-json\/wp\/v2\/media?parent=270861"}],"wp:term":[{"taxonomy":"category","embeddable":true,"href":"https:\/\/notinor.com\/jujuy\/wp-json\/wp\/v2\/categories?post=270861"},{"taxonomy":"post_tag","embeddable":true,"href":"https:\/\/notinor.com\/jujuy\/wp-json\/wp\/v2\/tags?post=270861"}],"curies":[{"name":"wp","href":"https:\/\/api.w.org\/{rel}","templated":true}]}}