{"id":270856,"date":"2020-10-13T15:45:41","date_gmt":"2020-10-13T18:45:41","guid":{"rendered":"https:\/\/notinor.com\/jujuy\/?p=270856"},"modified":"2020-10-13T15:45:45","modified_gmt":"2020-10-13T18:45:45","slug":"variada-programacion-cultural-hasta-diciembre-2020","status":"publish","type":"post","link":"https:\/\/notinor.com\/jujuy\/variada-programacion-cultural-hasta-diciembre-2020\/","title":{"rendered":"Variada programaci\u00f3n cultural hasta diciembre 2020"},"content":{"rendered":"\n<p>Con diversos programas&nbsp; culturales inicio el mes de octubre y se extender\u00e1 hasta diciembre del presente a\u00f1o, contemplando charlas, capacitaciones,&nbsp; autoshow, mercado artesanal, convocatorias a nivel provincial y nacional&nbsp; y generaci\u00f3n de proyectos destinadas a las distintas disciplinas art\u00edsticas y a reencontrarse con la gente manteniendo siempre protocolos adecuados para garantizar espacios seguros.<\/p>\n\n\n\n<figure class=\"wp-block-image size-large\"><img decoding=\"async\" loading=\"lazy\" width=\"702\" height=\"480\" src=\"https:\/\/notinor.com\/jujuy\/wp-content\/uploads\/2020\/10\/cultura-702x480.jpeg\" alt=\"\" class=\"wp-image-270858\" srcset=\"https:\/\/notinor.com\/jujuy\/wp-content\/uploads\/2020\/10\/cultura-702x480.jpeg 702w, https:\/\/notinor.com\/jujuy\/wp-content\/uploads\/2020\/10\/cultura-534x365.jpeg 534w, https:\/\/notinor.com\/jujuy\/wp-content\/uploads\/2020\/10\/cultura.jpeg 746w\" sizes=\"(max-width: 702px) 100vw, 702px\" \/><\/figure>\n\n\n\n<p>Durante la presentaci\u00f3n realizada por teleconferencia, el&nbsp; Secretario de Cultura, acompa\u00f1ado por la Directora provincial de Cultura,&nbsp; Valentina Mill\u00f3n,&nbsp; dijo&nbsp; que los programas&nbsp; se dividen en tres partes: capacitaciones, convocatorias y autoshow. Subrayando que&nbsp; pueden inscribirse o tener mayor informaci\u00f3n sobre el abanico de propuestas en www.cultura.jujuy.gob.ar&nbsp;<\/p>\n\n\n\n<p>Se\u00f1al\u00f3 que en forma conjunta con la Secretar\u00eda de Salud Mental del Ministerio de Salud se lanz\u00f3 la convocatoria \u201cConstruyendo cultura en salud mental\u201d destinada a escritores cuya inscripci\u00f3n est\u00e1 habilitada hasta el 10 de noviembre del presente a\u00f1o.<\/p>\n\n\n\n<p>Por otro lado, detall\u00f3 que junto a&nbsp; la Comisi\u00f3n del Bicentenario se lanzan los concursos provinciales de canci\u00f3n in\u00e9dita \u201cManuel en Jujuy\u201d destinada a M\u00fasicos, solistas y grupos, abierta la inscripci\u00f3n hasta el 20 de noviembre del a\u00f1o en curso, y&nbsp; de muralistas \u201cManuel Belgrano\u201d destinado a artistas pl\u00e1sticos y muralistas&nbsp; abierto hasta el 6 de noviembre del corriente a\u00f1o.&nbsp;&nbsp;<\/p>\n\n\n\n<p>Tambi\u00e9n se present\u00f3 el programa \u201cCine juje\u00f1o en construcci\u00f3n\u201d con&nbsp; cinco l\u00edneas&nbsp; de programas destinados a lo audiovisual comenzando con la 1\u00b0 l\u00ednea: Becas y tutor\u00eda de gui\u00f3n; y 2\u00b0 l\u00ednea: Financiamiento para carpeta de proyecto.<\/p>\n\n\n\n<p>En capacitaci\u00f3n indic\u00f3 que desde el domingo pasado comenz\u00f3 el ciclo \u201cCultura en escena\u201d que se trata de dos charlas por mes de forma virtual destinada a artes esc\u00e9nicas y aquellas vinculadas a la danza que se extiende hasta diciembre del presente a\u00f1o, y la segunda edici\u00f3n de \u201cPara cantarle a mi tierra\u201d destinada a m\u00fasicos y artistas en general que quieran capacitar, a cargo de profesionales de distintos grupos que brindaran charla taller.<\/p>\n\n\n\n<p>Dijo, adem\u00e1s que, conjuntamente&nbsp; con naci\u00f3n se realizaron las convocatorias para \u201cManta\u201d&nbsp; destinado a artesanos,&nbsp; abierta la inscripci\u00f3n hasta el 4 de noviembre del presente a\u00f1o en www.cultura.gob.ar ;&nbsp; y el \u201cProyecto de obras de Danza y Dramaturgia\u201d destinado a danza y teatro,&nbsp;&nbsp; cuya inscripciones est\u00e1n abiertas hasta&nbsp; el 30&nbsp; del presente mes&nbsp; en www.fnartes.gob.ar<\/p>\n\n\n\n<p>Destac\u00f3 el Programa \u201cEstacionarte\u201d que busca recorrer las distintas regiones de la provincia de Jujuy, \u201cAutoshow\u201d. Las localidades que cuenten con espacio y las condiciones para realizarlo, recibir\u00e1n junto al Autocine, esta nueva propuesta los d\u00edas viernes y s\u00e1bados. Puntualiz\u00f3 que la idea es visitar dos localidades intercalando autoshow y autocine un d\u00eda en cada lugar.<\/p>\n\n\n\n<p>Por su parte, la Directora de Cultura, Valentina Mill\u00f3n indic\u00f3 que a partir de este pr\u00f3ximo viernes, abrir\u00e1 sus puertas&nbsp; los d\u00edas viernes y s\u00e1bado, todos los fines de semana hasta diciembre en la plaza Vilca, Mercado de Artesan\u00edas Juje\u00f1as.<\/p>\n\n\n\n<p>Aclar\u00f3 que \u201cla intenci\u00f3n es convocar a artesanos juje\u00f1os, no solo aquellos que tengan su carnet del REUNAR (Registro \u00danico de Artesanos), sino a todos aquellos artesanos que realicen su trabajo de acuerdo a la Ley provincial de Artesan\u00edas o que no sean industrializados o revendedores, sino que sean artesan\u00edas que revaloricen nuestra identidad cultural\u201d.<\/p>\n\n\n\n<p>Se\u00f1al\u00f3 que a partir de hoy se pueden inscribir en www.cultura.jujuy.gob.ar y acot\u00f3 que los artesanos que ya hayan sido fiscalizados y que tengan el carnet provincial de artesanos podr\u00e1n participar sin previa fiscalizaci\u00f3n y los artesanos que est\u00e9n inscriptos en el Registro provincial de Artistas y Artesanos tendr\u00e1n un proceso de fiscalizaci\u00f3n.<\/p>\n\n\n\n<p>Finalmente, remarc\u00f3 que la participaci\u00f3n ser\u00e1 rotativa cumpliendo un protocolo espec\u00edfico y m\u00e1s adelante se prev\u00e9 incorporar talleres.<\/p>\n","protected":false},"excerpt":{"rendered":"<p>Con diversos programas&nbsp; culturales inicio el mes de octubre y se extender\u00e1 hasta diciembre del presente a\u00f1o, contemplando charlas, capacitaciones,&nbsp; autoshow, mercado artesanal, convocatorias a nivel provincial y nacional&nbsp; y generaci\u00f3n de proyectos destinadas a las distintas disciplinas art\u00edsticas y a reencontrarse con la gente manteniendo siempre protocolos adecuados para garantizar espacios seguros. Durante la [&hellip;]<\/p>\n","protected":false},"author":5,"featured_media":270858,"comment_status":"open","ping_status":"open","sticky":false,"template":"","format":"standard","meta":{"_stopmodifiedupdate":false,"_modified_date":"","inline_featured_image":false,"spay_email":"","jetpack_publicize_message":""},"categories":[13],"tags":[],"jetpack_featured_media_url":"https:\/\/notinor.com\/jujuy\/wp-content\/uploads\/2020\/10\/cultura.jpeg","jetpack_publicize_connections":[],"_links":{"self":[{"href":"https:\/\/notinor.com\/jujuy\/wp-json\/wp\/v2\/posts\/270856"}],"collection":[{"href":"https:\/\/notinor.com\/jujuy\/wp-json\/wp\/v2\/posts"}],"about":[{"href":"https:\/\/notinor.com\/jujuy\/wp-json\/wp\/v2\/types\/post"}],"author":[{"embeddable":true,"href":"https:\/\/notinor.com\/jujuy\/wp-json\/wp\/v2\/users\/5"}],"replies":[{"embeddable":true,"href":"https:\/\/notinor.com\/jujuy\/wp-json\/wp\/v2\/comments?post=270856"}],"version-history":[{"count":1,"href":"https:\/\/notinor.com\/jujuy\/wp-json\/wp\/v2\/posts\/270856\/revisions"}],"predecessor-version":[{"id":270859,"href":"https:\/\/notinor.com\/jujuy\/wp-json\/wp\/v2\/posts\/270856\/revisions\/270859"}],"wp:featuredmedia":[{"embeddable":true,"href":"https:\/\/notinor.com\/jujuy\/wp-json\/wp\/v2\/media\/270858"}],"wp:attachment":[{"href":"https:\/\/notinor.com\/jujuy\/wp-json\/wp\/v2\/media?parent=270856"}],"wp:term":[{"taxonomy":"category","embeddable":true,"href":"https:\/\/notinor.com\/jujuy\/wp-json\/wp\/v2\/categories?post=270856"},{"taxonomy":"post_tag","embeddable":true,"href":"https:\/\/notinor.com\/jujuy\/wp-json\/wp\/v2\/tags?post=270856"}],"curies":[{"name":"wp","href":"https:\/\/api.w.org\/{rel}","templated":true}]}}