{"id":270850,"date":"2020-10-13T15:33:08","date_gmt":"2020-10-13T18:33:08","guid":{"rendered":"https:\/\/notinor.com\/jujuy\/?p=270850"},"modified":"2020-10-13T15:33:11","modified_gmt":"2020-10-13T18:33:11","slug":"mas-de-3-000-jujenos-visitaron-purmamarca-este-fin-de-semana","status":"publish","type":"post","link":"https:\/\/notinor.com\/jujuy\/mas-de-3-000-jujenos-visitaron-purmamarca-este-fin-de-semana\/","title":{"rendered":"M\u00e1s de 3.000 juje\u00f1os visitaron Purmamarca este fin de semana"},"content":{"rendered":"\n<p>La cifra la dio a conocer la Comisi\u00f3n Municipal, fue durante los d\u00edas s\u00e1bado, domingo y lunes.<\/p>\n\n\n\n<figure class=\"wp-block-image size-large\"><img decoding=\"async\" loading=\"lazy\" width=\"640\" height=\"480\" src=\"https:\/\/notinor.com\/jujuy\/wp-content\/uploads\/2020\/10\/FB_IMG_1602613234866-640x480.jpg\" alt=\"\" class=\"wp-image-270851\" srcset=\"https:\/\/notinor.com\/jujuy\/wp-content\/uploads\/2020\/10\/FB_IMG_1602613234866-640x480.jpg 640w, https:\/\/notinor.com\/jujuy\/wp-content\/uploads\/2020\/10\/FB_IMG_1602613234866-487x365.jpg 487w, https:\/\/notinor.com\/jujuy\/wp-content\/uploads\/2020\/10\/FB_IMG_1602613234866-768x576.jpg 768w, https:\/\/notinor.com\/jujuy\/wp-content\/uploads\/2020\/10\/FB_IMG_1602613234866-750x563.jpg 750w, https:\/\/notinor.com\/jujuy\/wp-content\/uploads\/2020\/10\/FB_IMG_1602613234866.jpg 1080w\" sizes=\"(max-width: 640px) 100vw, 640px\" \/><\/figure>\n\n\n\n<p>Este fin de semana volvi\u00f3 el turismo interno a Jujuy, junto con la meseta en la curva de contagios se fueron habilitando distintas actividades en la provincia, una de ellas fue la permisi\u00f3n para visitar locales gastron\u00f3micos en distintas localidades. <\/p>\n\n\n\n<p>Entonces, con el aval para el traslado interjurisdiccional m\u00e1s de 3.000 juje\u00f1os visitaron Purmamarca este fin de semana largo. La cifra fue publicada por la Comisi\u00f3n Municipal de Purmamarca y corresponde a los d\u00edas s\u00e1bado, domingo y lunes.<\/p>\n\n\n\n<p>La apertura del turismo interno se est\u00e1 realizando progresivamente en toda la provincia, por ahora los turistas pudieron disfrutar de artesan\u00edas alrededor de la plaza central, galer\u00edas y ferias adem\u00e1s de ma oferta gastron\u00f3mica tradicional de la Quebrada.<\/p>\n\n\n\n<p>Los visitantes pudieron recorrer los circuitos habilitados del Paseo de los Colorados y el Mirador El Porotito. <\/p>\n\n\n\n<p>Asimismo desde la Comisi\u00f3n Municipal anunciaron que mantendr\u00e1n reuniones en la semana con el sector hotelero para coordinar la apertura de la actividad desde este viernes 16 de octubre. <\/p>\n\n\n\n<figure class=\"wp-block-image size-large\"><img decoding=\"async\" loading=\"lazy\" width=\"640\" height=\"480\" src=\"https:\/\/notinor.com\/jujuy\/wp-content\/uploads\/2020\/10\/FB_IMG_1602613248387-640x480.jpg\" alt=\"\" class=\"wp-image-270852\" srcset=\"https:\/\/notinor.com\/jujuy\/wp-content\/uploads\/2020\/10\/FB_IMG_1602613248387-640x480.jpg 640w, https:\/\/notinor.com\/jujuy\/wp-content\/uploads\/2020\/10\/FB_IMG_1602613248387-487x365.jpg 487w, https:\/\/notinor.com\/jujuy\/wp-content\/uploads\/2020\/10\/FB_IMG_1602613248387-768x576.jpg 768w, https:\/\/notinor.com\/jujuy\/wp-content\/uploads\/2020\/10\/FB_IMG_1602613248387-750x563.jpg 750w, https:\/\/notinor.com\/jujuy\/wp-content\/uploads\/2020\/10\/FB_IMG_1602613248387.jpg 1080w\" sizes=\"(max-width: 640px) 100vw, 640px\" \/><\/figure>\n","protected":false},"excerpt":{"rendered":"<p>La cifra la dio a conocer la Comisi\u00f3n Municipal, fue durante los d\u00edas s\u00e1bado, domingo y lunes. Este fin de semana volvi\u00f3 el turismo interno a Jujuy, junto con la meseta en la curva de contagios se fueron habilitando distintas actividades en la provincia, una de ellas fue la permisi\u00f3n para visitar locales gastron\u00f3micos en [&hellip;]<\/p>\n","protected":false},"author":1,"featured_media":270851,"comment_status":"open","ping_status":"open","sticky":false,"template":"","format":"standard","meta":{"_stopmodifiedupdate":false,"_modified_date":"","inline_featured_image":false,"spay_email":"","jetpack_publicize_message":""},"categories":[2],"tags":[],"jetpack_featured_media_url":"https:\/\/notinor.com\/jujuy\/wp-content\/uploads\/2020\/10\/FB_IMG_1602613234866.jpg","jetpack_publicize_connections":[],"_links":{"self":[{"href":"https:\/\/notinor.com\/jujuy\/wp-json\/wp\/v2\/posts\/270850"}],"collection":[{"href":"https:\/\/notinor.com\/jujuy\/wp-json\/wp\/v2\/posts"}],"about":[{"href":"https:\/\/notinor.com\/jujuy\/wp-json\/wp\/v2\/types\/post"}],"author":[{"embeddable":true,"href":"https:\/\/notinor.com\/jujuy\/wp-json\/wp\/v2\/users\/1"}],"replies":[{"embeddable":true,"href":"https:\/\/notinor.com\/jujuy\/wp-json\/wp\/v2\/comments?post=270850"}],"version-history":[{"count":1,"href":"https:\/\/notinor.com\/jujuy\/wp-json\/wp\/v2\/posts\/270850\/revisions"}],"predecessor-version":[{"id":270857,"href":"https:\/\/notinor.com\/jujuy\/wp-json\/wp\/v2\/posts\/270850\/revisions\/270857"}],"wp:featuredmedia":[{"embeddable":true,"href":"https:\/\/notinor.com\/jujuy\/wp-json\/wp\/v2\/media\/270851"}],"wp:attachment":[{"href":"https:\/\/notinor.com\/jujuy\/wp-json\/wp\/v2\/media?parent=270850"}],"wp:term":[{"taxonomy":"category","embeddable":true,"href":"https:\/\/notinor.com\/jujuy\/wp-json\/wp\/v2\/categories?post=270850"},{"taxonomy":"post_tag","embeddable":true,"href":"https:\/\/notinor.com\/jujuy\/wp-json\/wp\/v2\/tags?post=270850"}],"curies":[{"name":"wp","href":"https:\/\/api.w.org\/{rel}","templated":true}]}}