{"id":270831,"date":"2020-10-13T14:30:39","date_gmt":"2020-10-13T17:30:39","guid":{"rendered":"https:\/\/notinor.com\/jujuy\/?p=270831"},"modified":"2020-10-13T14:30:44","modified_gmt":"2020-10-13T17:30:44","slug":"operativo-de-control-sanitario-en-zona-sur-de-capital","status":"publish","type":"post","link":"https:\/\/notinor.com\/jujuy\/operativo-de-control-sanitario-en-zona-sur-de-capital\/","title":{"rendered":"Operativo de control sanitario en zona sur de capital"},"content":{"rendered":"\n<p>El Gobernador de la Provincia, Gerardo Morales, particip\u00f3 de operativo de control sanitario que se despleg\u00f3 en la zona sur de la Ciudad Capital, oportunidad en la que pudo constatar el trabajo puerta a puerta que se est\u00e1 efectuando por parte de agentes de salud en el marco de la lucha contra el covid-19.<\/p>\n\n\n\n<figure class=\"wp-block-image size-large\"><img decoding=\"async\" loading=\"lazy\" width=\"720\" height=\"480\" src=\"https:\/\/notinor.com\/jujuy\/wp-content\/uploads\/2020\/10\/530-VIV-1-720x480.jpg\" alt=\"\" class=\"wp-image-270833\" srcset=\"https:\/\/notinor.com\/jujuy\/wp-content\/uploads\/2020\/10\/530-VIV-1-720x480.jpg 720w, https:\/\/notinor.com\/jujuy\/wp-content\/uploads\/2020\/10\/530-VIV-1-548x365.jpg 548w, https:\/\/notinor.com\/jujuy\/wp-content\/uploads\/2020\/10\/530-VIV-1.jpg 750w\" sizes=\"(max-width: 720px) 100vw, 720px\" \/><\/figure>\n\n\n\n<p>El Gobernador Gerardo Morales al respecto indic\u00f3 que el despliegue de recursos de diversas \u00e1reas del Estado lleg\u00f3 a las 530 viviendas de la Ciudad Capital, \u201ccon un trabajo importante de agentes sanitarios, m\u00e9dicos y enfermeros, con el objetivo de detectar casos sintom\u00e1ticos, lo cual se seguir\u00e1 haciendo hasta que termine la pandemia\u201d.<\/p>\n\n\n\n<p>Destac\u00f3, adem\u00e1s, el trabajo que se hace, puerta a puerta, y afirm\u00f3 que tomando en cuenta los relevamientos que se est\u00e1n haciendo se est\u00e1 verificando un sostenido descenso en la cantidad de casos en Jujuy. Y en el caso espec\u00edfico de las 530 viviendas de la zona sur de la Capital, se\u00f1al\u00f3 que hubo un solo caso que requiri\u00f3 hisopado, mientras que tambi\u00e9n se efectuaron tests r\u00e1pidos.<\/p>\n\n\n\n<p>Morales ponder\u00f3 la toma de conciencia de la gente en lo que respecta a los cuidados, pero, pidi\u00f3 que no se bajen los brazos en esta lucha que el pueblo de Jujuy est\u00e1 llevando adelante contra el covid-19.<\/p>\n\n\n\n<p>Finalmente, pidi\u00f3 que los j\u00f3venes cuiden a los adultos mayores puesto que esa franja etaria es la que se ve m\u00e1s afectada en sus consecuencias por contraer coronavirus.<\/p>\n\n\n\n<p>En la oportunidad, participaron del operativo, recursos humanos de los ministerios de Salud y Desarrollo Humano; Polic\u00eda de la Provincia; Ej\u00e9rcito Argentino; y municipio capitalino.&nbsp;<\/p>\n\n\n\n<figure class=\"wp-block-image size-large\"><img decoding=\"async\" loading=\"lazy\" width=\"720\" height=\"480\" src=\"https:\/\/notinor.com\/jujuy\/wp-content\/uploads\/2020\/10\/530-VIV-2-720x480.jpg\" alt=\"\" class=\"wp-image-270834\" srcset=\"https:\/\/notinor.com\/jujuy\/wp-content\/uploads\/2020\/10\/530-VIV-2-720x480.jpg 720w, https:\/\/notinor.com\/jujuy\/wp-content\/uploads\/2020\/10\/530-VIV-2-548x365.jpg 548w, https:\/\/notinor.com\/jujuy\/wp-content\/uploads\/2020\/10\/530-VIV-2.jpg 750w\" sizes=\"(max-width: 720px) 100vw, 720px\" \/><\/figure>\n","protected":false},"excerpt":{"rendered":"<p>El Gobernador de la Provincia, Gerardo Morales, particip\u00f3 de operativo de control sanitario que se despleg\u00f3 en la zona sur de la Ciudad Capital, oportunidad en la que pudo constatar el trabajo puerta a puerta que se est\u00e1 efectuando por parte de agentes de salud en el marco de la lucha contra el covid-19. El [&hellip;]<\/p>\n","protected":false},"author":5,"featured_media":270832,"comment_status":"open","ping_status":"open","sticky":false,"template":"","format":"standard","meta":{"_stopmodifiedupdate":false,"_modified_date":"","inline_featured_image":false,"spay_email":"","jetpack_publicize_message":""},"categories":[514],"tags":[],"jetpack_featured_media_url":"https:\/\/notinor.com\/jujuy\/wp-content\/uploads\/2020\/10\/530-VIV.jpg","jetpack_publicize_connections":[],"_links":{"self":[{"href":"https:\/\/notinor.com\/jujuy\/wp-json\/wp\/v2\/posts\/270831"}],"collection":[{"href":"https:\/\/notinor.com\/jujuy\/wp-json\/wp\/v2\/posts"}],"about":[{"href":"https:\/\/notinor.com\/jujuy\/wp-json\/wp\/v2\/types\/post"}],"author":[{"embeddable":true,"href":"https:\/\/notinor.com\/jujuy\/wp-json\/wp\/v2\/users\/5"}],"replies":[{"embeddable":true,"href":"https:\/\/notinor.com\/jujuy\/wp-json\/wp\/v2\/comments?post=270831"}],"version-history":[{"count":1,"href":"https:\/\/notinor.com\/jujuy\/wp-json\/wp\/v2\/posts\/270831\/revisions"}],"predecessor-version":[{"id":270835,"href":"https:\/\/notinor.com\/jujuy\/wp-json\/wp\/v2\/posts\/270831\/revisions\/270835"}],"wp:featuredmedia":[{"embeddable":true,"href":"https:\/\/notinor.com\/jujuy\/wp-json\/wp\/v2\/media\/270832"}],"wp:attachment":[{"href":"https:\/\/notinor.com\/jujuy\/wp-json\/wp\/v2\/media?parent=270831"}],"wp:term":[{"taxonomy":"category","embeddable":true,"href":"https:\/\/notinor.com\/jujuy\/wp-json\/wp\/v2\/categories?post=270831"},{"taxonomy":"post_tag","embeddable":true,"href":"https:\/\/notinor.com\/jujuy\/wp-json\/wp\/v2\/tags?post=270831"}],"curies":[{"name":"wp","href":"https:\/\/api.w.org\/{rel}","templated":true}]}}