{"id":270825,"date":"2020-10-13T12:24:41","date_gmt":"2020-10-13T15:24:41","guid":{"rendered":"https:\/\/notinor.com\/jujuy\/?p=270825"},"modified":"2020-10-13T12:24:46","modified_gmt":"2020-10-13T15:24:46","slug":"cristiano-ronaldo-tiene-coronavirus-esta-asintomatico-y-en-buen-estado-de-salud","status":"publish","type":"post","link":"https:\/\/notinor.com\/jujuy\/cristiano-ronaldo-tiene-coronavirus-esta-asintomatico-y-en-buen-estado-de-salud\/","title":{"rendered":"Cristiano Ronaldo tiene coronavirus: est\u00e1 asintom\u00e1tico y en buen estado de salud"},"content":{"rendered":"\n<p>La Federaci\u00f3n Portuguesa de F\u00fatbol inform\u00f3 que el futbolista de 35 a\u00f1os fue aislado y no jugar\u00e1 este mi\u00e9rcoles contra Suecia.<\/p>\n\n\n\n<figure class=\"wp-block-image size-large\"><img decoding=\"async\" loading=\"lazy\" width=\"720\" height=\"480\" src=\"https:\/\/notinor.com\/jujuy\/wp-content\/uploads\/2020\/10\/3V2VC7X375QPCPVVUQTSXHTKVE-720x480.jpg\" alt=\"\" class=\"wp-image-270826\" srcset=\"https:\/\/notinor.com\/jujuy\/wp-content\/uploads\/2020\/10\/3V2VC7X375QPCPVVUQTSXHTKVE-720x480.jpg 720w, https:\/\/notinor.com\/jujuy\/wp-content\/uploads\/2020\/10\/3V2VC7X375QPCPVVUQTSXHTKVE-548x365.jpg 548w, https:\/\/notinor.com\/jujuy\/wp-content\/uploads\/2020\/10\/3V2VC7X375QPCPVVUQTSXHTKVE-750x500.jpg 750w, https:\/\/notinor.com\/jujuy\/wp-content\/uploads\/2020\/10\/3V2VC7X375QPCPVVUQTSXHTKVE.jpg 768w\" sizes=\"(max-width: 720px) 100vw, 720px\" \/><\/figure>\n\n\n\n<p>A la extensa lista de deportistas que padecieron los efectos directos de la pandemia se les suma uno de los mejores futbolistas del planeta.&nbsp;<strong>Cristiano Ronaldo tiene coronavirus<\/strong>, seg\u00fan inform\u00f3 este martes la Federaci\u00f3n Portuguesa de F\u00fatbol. El futbolista de&nbsp;<strong>35 a\u00f1os<\/strong>&nbsp;se encuentra asintom\u00e1tico y en buen estado de salud tras dar positivo en las&nbsp;<strong>pruebas PCR<\/strong>&nbsp;que se le realizaron en las \u00faltimas horas.<\/p>\n\n\n\n<p><strong>Ronaldo<\/strong>, estrella de la&nbsp;<strong>Juventus<\/strong>&nbsp;de Tur\u00edn y capit\u00e1n de la selecci\u00f3n portuguesa, dio positivo en una prueba de&nbsp;<strong>COVID-19&nbsp;<\/strong>y abandonar\u00e1 la concentraci\u00f3n de&nbsp;<strong>Portugal<\/strong>. El resto de sus compa\u00f1eros tambi\u00e9n se sometieron a los testeos y&nbsp;<strong>todos los resultados fueron negativos<\/strong>.<\/p>\n\n\n\n<p>Seg\u00fan inform\u00f3 el diario portugu\u00e9s\u00a0<em>Record<\/em>,\u00a0<strong>Cristiano<\/strong>\u00a0y el resto de la delegaci\u00f3n se realizaron\u00a0<strong>seis pruebas de COVID-19 en la \u00faltima semana<\/strong>.<\/p>\n\n\n\n<p>Despu\u00e9s de jugar como titular el domingo en Par\u00eds contra\u00a0<strong>Francia<\/strong>\u00a0por la\u00a0<strong>UEFA Nations League<\/strong>,\u00a0<em>CR7<\/em>\u00a0se someti\u00f3 a una prueba de rutina y se convirti\u00f3 en el\u00a0<strong>tercer jugador luso en abandonar la concentraci\u00f3n por coronavirus<\/strong>\u00a0despu\u00e9s de los casos de\u00a0<strong>Jos\u00e9 Fonte<\/strong>\u00a0y\u00a0<strong>Anthony Lopes<\/strong>.<\/p>\n\n\n\n<p>Su equipo volver\u00e1 a jugar este mi\u00e9rcoles un partido de esta competici\u00f3n, ante&nbsp;<strong>Suecia<\/strong>&nbsp;en el Estadio Jos\u00e9 Alvalade de&nbsp;<strong>Lisboa<\/strong>. Adem\u00e1s&nbsp;<strong>Cristiano<\/strong>&nbsp;ya ten\u00eda en la mira sus compromisos con la Juventus: el pr\u00f3ximo s\u00e1bado ante&nbsp;<strong>Crotone<\/strong>&nbsp;por la&nbsp;<strong>Serie A<\/strong>&nbsp;y luego el viaje a&nbsp;<strong>Ucrania<\/strong>&nbsp;para medirse al&nbsp;<strong>Dinamo de Kiev<\/strong>&nbsp;por la&nbsp;<strong>Champions League<\/strong>, aunque ahora lo m\u00e1s probable es que quede descartado para evitar m\u00e1s contagios.<\/p>\n\n\n\n<p>Todo indica que \u2013excepto que haya complicaciones\u2013\u00a0<strong>Cristiano<\/strong>\u00a0estar\u00e1 disponible nuevamente cuando la\u00a0<strong>Juventus<\/strong>\u00a0reciba al Bar\u00e7a el pr\u00f3ximo\u00a0<strong>28 de octubre<\/strong>, en su duelo correspondiente a la segunda jornada de la Champions, uno de los m\u00e1s esperados porque volver\u00e1 a rivalizar con\u00a0<strong>Lionel Messi<\/strong>.<\/p>\n\n\n\n<p><strong>EL COMUNICADO DE LA FEDERACI\u00d3N PORTUGUESA:<\/strong><\/p>\n\n\n\n<p><em>Cristiano Ronaldo fue liberado del trabajo de la Selecci\u00f3n tras una prueba positiva por COVID-19, por lo que no se enfrentar\u00e1 a Suecia.<\/em><\/p>\n\n\n\n<p><em>El internacional portugu\u00e9s se encuentra bien, sin s\u00edntomas y aislado.<\/em><\/p>\n\n\n\n<p><em>Tras el caso positivo, los jugadores restantes fueron sometidos a nuevas pruebas este martes por la ma\u00f1ana, todas con resultado negativo, y est\u00e1n a disposici\u00f3n de Fernando Santos para entrenar esta tarde, en Cidade do Futebol.<\/em><\/p>\n\n\n\n<p><em>El partido, contando para la fase de clasificaci\u00f3n de la Liga de Naciones, est\u00e1 programado para el mi\u00e9rcoles, a las 19:45, en Alvalade<\/em><\/p>\n","protected":false},"excerpt":{"rendered":"<p>La Federaci\u00f3n Portuguesa de F\u00fatbol inform\u00f3 que el futbolista de 35 a\u00f1os fue aislado y no jugar\u00e1 este mi\u00e9rcoles contra Suecia. A la extensa lista de deportistas que padecieron los efectos directos de la pandemia se les suma uno de los mejores futbolistas del planeta.&nbsp;Cristiano Ronaldo tiene coronavirus, seg\u00fan inform\u00f3 este martes la Federaci\u00f3n Portuguesa [&hellip;]<\/p>\n","protected":false},"author":37,"featured_media":270826,"comment_status":"open","ping_status":"open","sticky":false,"template":"","format":"standard","meta":{"_stopmodifiedupdate":false,"_modified_date":"","inline_featured_image":false,"spay_email":"","jetpack_publicize_message":""},"categories":[7],"tags":[],"jetpack_featured_media_url":"https:\/\/notinor.com\/jujuy\/wp-content\/uploads\/2020\/10\/3V2VC7X375QPCPVVUQTSXHTKVE.jpg","jetpack_publicize_connections":[],"_links":{"self":[{"href":"https:\/\/notinor.com\/jujuy\/wp-json\/wp\/v2\/posts\/270825"}],"collection":[{"href":"https:\/\/notinor.com\/jujuy\/wp-json\/wp\/v2\/posts"}],"about":[{"href":"https:\/\/notinor.com\/jujuy\/wp-json\/wp\/v2\/types\/post"}],"author":[{"embeddable":true,"href":"https:\/\/notinor.com\/jujuy\/wp-json\/wp\/v2\/users\/37"}],"replies":[{"embeddable":true,"href":"https:\/\/notinor.com\/jujuy\/wp-json\/wp\/v2\/comments?post=270825"}],"version-history":[{"count":1,"href":"https:\/\/notinor.com\/jujuy\/wp-json\/wp\/v2\/posts\/270825\/revisions"}],"predecessor-version":[{"id":270828,"href":"https:\/\/notinor.com\/jujuy\/wp-json\/wp\/v2\/posts\/270825\/revisions\/270828"}],"wp:featuredmedia":[{"embeddable":true,"href":"https:\/\/notinor.com\/jujuy\/wp-json\/wp\/v2\/media\/270826"}],"wp:attachment":[{"href":"https:\/\/notinor.com\/jujuy\/wp-json\/wp\/v2\/media?parent=270825"}],"wp:term":[{"taxonomy":"category","embeddable":true,"href":"https:\/\/notinor.com\/jujuy\/wp-json\/wp\/v2\/categories?post=270825"},{"taxonomy":"post_tag","embeddable":true,"href":"https:\/\/notinor.com\/jujuy\/wp-json\/wp\/v2\/tags?post=270825"}],"curies":[{"name":"wp","href":"https:\/\/api.w.org\/{rel}","templated":true}]}}