{"id":270824,"date":"2020-10-13T12:31:38","date_gmt":"2020-10-13T15:31:38","guid":{"rendered":"https:\/\/notinor.com\/jujuy\/?p=270824"},"modified":"2020-10-13T12:31:42","modified_gmt":"2020-10-13T15:31:42","slug":"la-secretaria-de-gobierno-de-perico-tiene-nuevo-edificio","status":"publish","type":"post","link":"https:\/\/notinor.com\/jujuy\/la-secretaria-de-gobierno-de-perico-tiene-nuevo-edificio\/","title":{"rendered":"La Secretar\u00eda de Gobierno de Perico tiene nuevo edificio"},"content":{"rendered":"\n<p>Recientemente qued\u00f3 inaugurado el nuevo edificio ubicado en el Paseo de los Artesanos de la ciudad perique\u00f1a.<\/p>\n\n\n\n<figure class=\"wp-block-image size-large\"><img decoding=\"async\" loading=\"lazy\" width=\"480\" height=\"320\" src=\"https:\/\/notinor.com\/jujuy\/wp-content\/uploads\/2020\/10\/WhatsApp-Image-2020-10-13-at-12.06.13-PM.jpeg\" alt=\"\" class=\"wp-image-270827\"\/><\/figure>\n\n\n\n<p>Con la presencia de funcionarios y autoridades de la Municipalidad de Perico, qued\u00f3 oficialmente inaugurado el nuevo edificio de la Secretar\u00eda de Gobierno. Cuenta con distintas oficinas que atender\u00e1n todas las \u00e1reas.<\/p>\n\n\n\n<p>El nuevo edificio est\u00e1 ubicado en el conocido Paseo de los Artesanos, sobre Avenida Belgrano en la ciudad de Perico. El mismo cuenta con diferentes dependencias que facilitar\u00e1n el trabajo de atenci\u00f3n al p\u00fablico. As\u00ed lo destac\u00f3 su titular Ang\u00e9lica Reston. La funcionaria tambi\u00e9n aprovech\u00f3 para agradecer al equipo de obras p\u00fablicas por cumplir un nuevo objetivo de la gesti\u00f3n.<\/p>\n\n\n\n<p>De este modo se integr\u00f3 a toda la Secretar\u00eda de Gobierno de Perico en un solo espacio f\u00edsico, brindando \"mayor coherencia y funcionalidad a los espacios municipales\" concluy\u00f3 Reston.<\/p>\n\n\n\n<figure class=\"wp-block-image size-large\"><img decoding=\"async\" loading=\"lazy\" width=\"480\" height=\"320\" src=\"https:\/\/notinor.com\/jujuy\/wp-content\/uploads\/2020\/10\/WhatsApp-Image-2020-10-13-at-12.06.14-PM.jpeg\" alt=\"\" class=\"wp-image-270829\"\/><\/figure>\n","protected":false},"excerpt":{"rendered":"<p>Recientemente qued\u00f3 inaugurado el nuevo edificio ubicado en el Paseo de los Artesanos de la ciudad perique\u00f1a. Con la presencia de funcionarios y autoridades de la Municipalidad de Perico, qued\u00f3 oficialmente inaugurado el nuevo edificio de la Secretar\u00eda de Gobierno. Cuenta con distintas oficinas que atender\u00e1n todas las \u00e1reas. El nuevo edificio est\u00e1 ubicado en [&hellip;]<\/p>\n","protected":false},"author":1,"featured_media":270827,"comment_status":"open","ping_status":"open","sticky":false,"template":"","format":"standard","meta":{"_stopmodifiedupdate":false,"_modified_date":"","inline_featured_image":false,"spay_email":"","jetpack_publicize_message":""},"categories":[4],"tags":[],"jetpack_featured_media_url":"https:\/\/notinor.com\/jujuy\/wp-content\/uploads\/2020\/10\/WhatsApp-Image-2020-10-13-at-12.06.13-PM.jpeg","jetpack_publicize_connections":[],"_links":{"self":[{"href":"https:\/\/notinor.com\/jujuy\/wp-json\/wp\/v2\/posts\/270824"}],"collection":[{"href":"https:\/\/notinor.com\/jujuy\/wp-json\/wp\/v2\/posts"}],"about":[{"href":"https:\/\/notinor.com\/jujuy\/wp-json\/wp\/v2\/types\/post"}],"author":[{"embeddable":true,"href":"https:\/\/notinor.com\/jujuy\/wp-json\/wp\/v2\/users\/1"}],"replies":[{"embeddable":true,"href":"https:\/\/notinor.com\/jujuy\/wp-json\/wp\/v2\/comments?post=270824"}],"version-history":[{"count":1,"href":"https:\/\/notinor.com\/jujuy\/wp-json\/wp\/v2\/posts\/270824\/revisions"}],"predecessor-version":[{"id":270830,"href":"https:\/\/notinor.com\/jujuy\/wp-json\/wp\/v2\/posts\/270824\/revisions\/270830"}],"wp:featuredmedia":[{"embeddable":true,"href":"https:\/\/notinor.com\/jujuy\/wp-json\/wp\/v2\/media\/270827"}],"wp:attachment":[{"href":"https:\/\/notinor.com\/jujuy\/wp-json\/wp\/v2\/media?parent=270824"}],"wp:term":[{"taxonomy":"category","embeddable":true,"href":"https:\/\/notinor.com\/jujuy\/wp-json\/wp\/v2\/categories?post=270824"},{"taxonomy":"post_tag","embeddable":true,"href":"https:\/\/notinor.com\/jujuy\/wp-json\/wp\/v2\/tags?post=270824"}],"curies":[{"name":"wp","href":"https:\/\/api.w.org\/{rel}","templated":true}]}}