{"id":270813,"date":"2020-10-13T11:58:37","date_gmt":"2020-10-13T14:58:37","guid":{"rendered":"https:\/\/notinor.com\/jujuy\/?p=270813"},"modified":"2020-10-13T12:00:26","modified_gmt":"2020-10-13T15:00:26","slug":"video-asi-se-ven-los-incendios-en-el-parque-nacional-calilegua-desde-el-cielo","status":"publish","type":"post","link":"https:\/\/notinor.com\/jujuy\/video-asi-se-ven-los-incendios-en-el-parque-nacional-calilegua-desde-el-cielo\/","title":{"rendered":"VIDEO: As\u00ed se ven los incendios en el Parque Nacional Calilegua desde el cielo"},"content":{"rendered":"\n<p>En el lugar, bomberos, brigadistas y guardaparques trabajan incansablemente para combatir las llamas.<\/p>\n\n\n\n<figure class=\"wp-block-image size-large\"><img decoding=\"async\" loading=\"lazy\" width=\"840\" height=\"473\" src=\"https:\/\/notinor.com\/jujuy\/wp-content\/uploads\/2020\/10\/incendio-calilegua-840x473.jpg\" alt=\"\" class=\"wp-image-270815\" srcset=\"https:\/\/notinor.com\/jujuy\/wp-content\/uploads\/2020\/10\/incendio-calilegua-840x473.jpg 840w, https:\/\/notinor.com\/jujuy\/wp-content\/uploads\/2020\/10\/incendio-calilegua-649x365.jpg 649w, https:\/\/notinor.com\/jujuy\/wp-content\/uploads\/2020\/10\/incendio-calilegua-768x432.jpg 768w, https:\/\/notinor.com\/jujuy\/wp-content\/uploads\/2020\/10\/incendio-calilegua-750x422.jpg 750w, https:\/\/notinor.com\/jujuy\/wp-content\/uploads\/2020\/10\/incendio-calilegua.jpg 1040w\" sizes=\"(max-width: 840px) 100vw, 840px\" \/><\/figure>\n\n\n\n<p>Las llamas contin\u00faan azotando sin piedad al Parque Nacional Calilegua en la provincia de Jujuy. Los focos de incendio en el lugar est\u00e1n fuera de control y hoy, nuevamente, desde tempranas horas de la ma\u00f1ana se encuentran trabajando bomberos, brigadistas y guardaparques para intentar sofocar el fuego.<\/p>\n\n\n\n<p>Desgraciadamente desde la reserva natural afirmaron que no hay variaciones respecto al d\u00eda de ayer, hasta el momento ya se perdieron al menos 753 hect\u00e1reas del territorio, lo que representa un da\u00f1o irreparable a la flora y fauna aut\u00f3ctona.<\/p>\n\n\n\n<p><em><strong>Relacionado<\/strong>: <\/em><strong><em><a href=\"https:\/\/notinor.com\/jujuy\/fuera-de-control-no-cesan-los-incendios-en-jujuy\/\">Fuera de control: no cesan los incendios en Jujuy<\/a><\/em><\/strong><\/p>\n\n\n\n<p>El video publicado por el Parque Nacional Calilegua:<\/p>\n\n\n\n<figure class=\"wp-block-embed-facebook wp-block-embed is-type-rich is-provider-facebook\"><div class=\"wp-block-embed__wrapper\">\n<div id=\"fb-root\"><\/div><script async=\"1\" defer=\"1\" crossorigin=\"anonymous\" src=\"https:\/\/connect.facebook.net\/en_US\/sdk.js#xfbml=1&amp;version=v8.0\" nonce=\"dXugInP4\"><\/script><div class=\"fb-post\" data-href=\"https:\/\/www.facebook.com\/PNCALILEGUA\/posts\/1820083411521010\" data-width=\"500\"><blockquote cite=\"https:\/\/www.facebook.com\/PNCALILEGUA\/posts\/1820083411521010\" class=\"fb-xfbml-parse-ignore\"><p>Temprano, bien de ma\u00f1ana, Guardparques, brigadistas, bomberos... todos unidos con el \u00fanico fin de salvar la...<\/p>Posted by <a href=\"https:\/\/www.facebook.com\/PNCALILEGUA\/\">Parque Nacional Calilegua<\/a> on&nbsp;<a href=\"https:\/\/www.facebook.com\/PNCALILEGUA\/posts\/1820083411521010\">Tuesday, October 13, 2020<\/a><\/blockquote><\/div>\n<\/div><\/figure>\n","protected":false},"excerpt":{"rendered":"<p>En el lugar, bomberos, brigadistas y guardaparques trabajan incansablemente para combatir las llamas. Las llamas contin\u00faan azotando sin piedad al Parque Nacional Calilegua en la provincia de Jujuy. Los focos de incendio en el lugar est\u00e1n fuera de control y hoy, nuevamente, desde tempranas horas de la ma\u00f1ana se encuentran trabajando bomberos, brigadistas y guardaparques [&hellip;]<\/p>\n","protected":false},"author":1,"featured_media":270815,"comment_status":"open","ping_status":"open","sticky":false,"template":"","format":"standard","meta":{"_stopmodifiedupdate":false,"_modified_date":"","inline_featured_image":false,"spay_email":"","jetpack_publicize_message":""},"categories":[2],"tags":[],"jetpack_featured_media_url":"https:\/\/notinor.com\/jujuy\/wp-content\/uploads\/2020\/10\/incendio-calilegua.jpg","jetpack_publicize_connections":[],"_links":{"self":[{"href":"https:\/\/notinor.com\/jujuy\/wp-json\/wp\/v2\/posts\/270813"}],"collection":[{"href":"https:\/\/notinor.com\/jujuy\/wp-json\/wp\/v2\/posts"}],"about":[{"href":"https:\/\/notinor.com\/jujuy\/wp-json\/wp\/v2\/types\/post"}],"author":[{"embeddable":true,"href":"https:\/\/notinor.com\/jujuy\/wp-json\/wp\/v2\/users\/1"}],"replies":[{"embeddable":true,"href":"https:\/\/notinor.com\/jujuy\/wp-json\/wp\/v2\/comments?post=270813"}],"version-history":[{"count":2,"href":"https:\/\/notinor.com\/jujuy\/wp-json\/wp\/v2\/posts\/270813\/revisions"}],"predecessor-version":[{"id":270818,"href":"https:\/\/notinor.com\/jujuy\/wp-json\/wp\/v2\/posts\/270813\/revisions\/270818"}],"wp:featuredmedia":[{"embeddable":true,"href":"https:\/\/notinor.com\/jujuy\/wp-json\/wp\/v2\/media\/270815"}],"wp:attachment":[{"href":"https:\/\/notinor.com\/jujuy\/wp-json\/wp\/v2\/media?parent=270813"}],"wp:term":[{"taxonomy":"category","embeddable":true,"href":"https:\/\/notinor.com\/jujuy\/wp-json\/wp\/v2\/categories?post=270813"},{"taxonomy":"post_tag","embeddable":true,"href":"https:\/\/notinor.com\/jujuy\/wp-json\/wp\/v2\/tags?post=270813"}],"curies":[{"name":"wp","href":"https:\/\/api.w.org\/{rel}","templated":true}]}}