{"id":270806,"date":"2020-10-13T11:50:11","date_gmt":"2020-10-13T14:50:11","guid":{"rendered":"https:\/\/notinor.com\/jujuy\/?p=270806"},"modified":"2020-10-13T11:50:16","modified_gmt":"2020-10-13T14:50:16","slug":"trombosis-y-covid-19-cual-es-la-relacion-entre-ambos-cuadros","status":"publish","type":"post","link":"https:\/\/notinor.com\/jujuy\/trombosis-y-covid-19-cual-es-la-relacion-entre-ambos-cuadros\/","title":{"rendered":"Trombosis y COVID-19: cu\u00e1l es la relaci\u00f3n entre ambos cuadros"},"content":{"rendered":"\n<p>Se sabe que los pacientes con coronavirus internados en una unidad de cuidados intensivos tienen de tres a seis veces m\u00e1s probabilidades de presentar un co\u00e1gulo en una vena o arteria que reduce o bloquea el flujo de sangre que un paciente hospitalizado por otra causa. Por qu\u00e9<\/p>\n\n\n\n<div class=\"wp-block-image\"><figure class=\"aligncenter size-large\"><img decoding=\"async\" loading=\"lazy\" width=\"361\" height=\"480\" src=\"https:\/\/notinor.com\/jujuy\/wp-content\/uploads\/2020\/10\/TROMBO-361x480.jpg\" alt=\"\" class=\"wp-image-270810\" srcset=\"https:\/\/notinor.com\/jujuy\/wp-content\/uploads\/2020\/10\/TROMBO-361x480.jpg 361w, https:\/\/notinor.com\/jujuy\/wp-content\/uploads\/2020\/10\/TROMBO-274x365.jpg 274w, https:\/\/notinor.com\/jujuy\/wp-content\/uploads\/2020\/10\/TROMBO.jpg 400w\" sizes=\"(max-width: 361px) 100vw, 361px\" \/><\/figure><\/div>\n\n\n\n<p>Recientemente se descubri\u00f3 que los pacientes con COVID-19 padecen una afecci\u00f3n de consecuencias potencialmente mortales si no es tratada a tiempo: la trombosis.<\/p>\n\n\n\n<p>Se sabe que un 25% de la poblaci\u00f3n mundial muere por causas asociadas a esta enfermedad cardiovascular. Sin embargo, hay un alto desconocimiento del p\u00fablico sobre c\u00f3mo prevenirla y detectarla.<\/p>\n\n\n\n<p>Se llama trombosis a la formaci\u00f3n de un co\u00e1gulo en una vena o arteria que reduce o bloquea el flujo de sangre. El co\u00e1gulo, llamado trombo, puede afectar la zona donde se form\u00f3 o desprenderse y viajar por el cuerpo, llegando a \u00e1reas vitales como el pulm\u00f3n, coraz\u00f3n o el cerebro. As\u00ed provoca las tres principales causas de muerte cardiovascular: embolia pulmonar, infartos y ACVs.<\/p>\n\n\n\n<p>A causa de la pandemia, hoy se conoce que las personas infectadas con COVID-19 tienen un alto riesgo de sufrir trombosis, especialmente si necesitan hospitalizaci\u00f3n. Esto se debe a que el virus causa mucha inflamaci\u00f3n, la cual produce qu\u00edmicos que llevan al h\u00edgado a producir grandes cantidades de factores de coagulaci\u00f3n por lo que la sangre es m\u00e1s densa.<\/p>\n\n\n\n<p>Los profesionales contin\u00faan estudiando la relaci\u00f3n entre el virus y la trombosis. Al momento se conoce que los pacientes con COVID-19 en unidad de cuidados intensivos (UCI) tienen de tres a seis veces m\u00e1s probabilidades de experimentar este cuadro que un paciente en la UCI por otra causa. Cabe mencionar que, independientemente del virus, la hospitalizaci\u00f3n es de por s\u00ed un factor de riesgo de la trombosis. Esto es as\u00ed ya que la inmovilidad prolongada puede llevar a que la sangre se estanque y se formen co\u00e1gulos.<\/p>\n\n\n\n<p>&nbsp;\u201cSe ha reportado que entre el 20 a 43% de las personas en terapia intensiva van a tener trombos. En el caso de las autopsias realizadas, aproximadamente el 60% ten\u00eda trombosis en piernas o en vasos grandes del pulm\u00f3n y m\u00e1s de la mitad peque\u00f1os trombos con mucha inflamaci\u00f3n que ocupan los vasos m\u00e1s chicos del pulm\u00f3n. Se llaman micro-trombos. Estos no se ven con estudios como placas o tomograf\u00edas, solo pueden verse con el microscopio. En otras personas que murieron se vieron cambios que hacen pensar que en alg\u00fan momento durante la enfermedad se formaron trombosis aunque no se puedan ver\u201d, explic\u00f3 la doctora Gabriela Cesarman-Maus, jefa del Servicio de C\u00e1ncer y Trombosis del Instituto Nacional de Cancerolog\u00eda de M\u00e9xico, y vocera de la campa\u00f1a D\u00eda Mundial de la Trombosis organizada por ISTH.<\/p>\n\n\n\n<p>Se debe resaltar que la relaci\u00f3n no funciona a la inversa: si una persona padeci\u00f3 trombosis no necesariamente tiene m\u00e1s riesgo de contraer COVID-19. Los estudios tambi\u00e9n pusieron en evidencia que existen caracter\u00edsticas particulares en estos casos: mientras que los co\u00e1gulos regulares suelen ser grandes, estos pacientes presentaron co\u00e1gulos m\u00e1s peque\u00f1os (llamados microtrombos), encontrados en los pulmones.<\/p>\n\n\n\n<p>Para una detecci\u00f3n temprana es fundamental conocer los signos y s\u00edntomas de la trombosis y cu\u00e1les son sus factores de riesgo.<\/p>\n\n\n\n<p>S\u00edntomas: inflamaci\u00f3n y\/o dolor en el pie, el tobillo o en la pierna; enrojecimiento o decoloraci\u00f3n; al tocarla la zona se siente m\u00e1s caliente que el resto del cuerpo. En casos graves puede manifestarse como dificultad para respirar; respiraci\u00f3n r\u00e1pida sin una raz\u00f3n particular; dolor en el pecho; ritmo card\u00edaco acelerado y mareos o desmayos.<\/p>\n\n\n\n<p>Factores de riesgo: ser hospitalizado; atravesar una cirug\u00eda; padecer c\u00e1ncer o fibrilaci\u00f3n auricular; estar embarazada; tomar medicamentos con estr\u00f3genos (incluidos ciertos m\u00e9todos anticonceptivos o la terapia de reemplazo hormonal); ser mayor de 60 a\u00f1os; permanecer inmovil durante largos per\u00edodos debido a una vida sedentaria o a viajes de larga distancia; presentar antecedentes familiares de trombosis.<\/p>\n\n\n\n<p>Sin embargo, las consecuencias fatales son evitables. Existen estrategias de prevenci\u00f3n para quienes se encuentren en riesgo de desarrollar co\u00e1gulos, y tratamientos farmacol\u00f3gicos y mec\u00e1nicos para quienes ya lo han hecho.<\/p>\n\n\n\n<p>Si a una persona se le diagnostica COVID-19, y anteriormente ha tenido trombosis, es fundamental que se lo informe a su m\u00e9dico de manera inmediata, al mismo tiempo que debe hacer saber a los especialistas si est\u00e1 tomando anticoagulantes y as\u00ed solicitar una Evaluaci\u00f3n de Riesgo de Trombosis si es hospitalizada.<\/p>\n\n\n\n<p>Esta evaluaci\u00f3n consiste en un cuestionario que re\u00fane informaci\u00f3n sobre la edad, la historia cl\u00ednica, medicaci\u00f3n y factores espec\u00edficos sobre el estilo de vida del paciente que puede indicar el riesgo de padecer trombosis. Con ella un profesional de la salud puede determinar si una persona necesita o no un tratamiento preventivo durante y luego de su hospitalizaci\u00f3n.<\/p>\n\n\n\n<p>La mejor herramienta contra las enfermedades es la prevenci\u00f3n: disminuir el riesgo de contraer el virus respetando las medidas de seguridad e higiene definidas por las autoridades locales; e informarse acerca de los factores de riesgo y los s\u00edntomas de la trombosis es una manera de mantenerse a protegido.<\/p>\n","protected":false},"excerpt":{"rendered":"<p>Se sabe que los pacientes con coronavirus internados en una unidad de cuidados intensivos tienen de tres a seis veces m\u00e1s probabilidades de presentar un co\u00e1gulo en una vena o arteria que reduce o bloquea el flujo de sangre que un paciente hospitalizado por otra causa. Por qu\u00e9 Recientemente se descubri\u00f3 que los pacientes con [&hellip;]<\/p>\n","protected":false},"author":5,"featured_media":270811,"comment_status":"open","ping_status":"open","sticky":false,"template":"","format":"standard","meta":{"_stopmodifiedupdate":false,"_modified_date":"","inline_featured_image":false,"spay_email":"","jetpack_publicize_message":""},"categories":[828],"tags":[],"jetpack_featured_media_url":"https:\/\/notinor.com\/jujuy\/wp-content\/uploads\/2020\/10\/TROMBO-1.jpg","jetpack_publicize_connections":[],"_links":{"self":[{"href":"https:\/\/notinor.com\/jujuy\/wp-json\/wp\/v2\/posts\/270806"}],"collection":[{"href":"https:\/\/notinor.com\/jujuy\/wp-json\/wp\/v2\/posts"}],"about":[{"href":"https:\/\/notinor.com\/jujuy\/wp-json\/wp\/v2\/types\/post"}],"author":[{"embeddable":true,"href":"https:\/\/notinor.com\/jujuy\/wp-json\/wp\/v2\/users\/5"}],"replies":[{"embeddable":true,"href":"https:\/\/notinor.com\/jujuy\/wp-json\/wp\/v2\/comments?post=270806"}],"version-history":[{"count":1,"href":"https:\/\/notinor.com\/jujuy\/wp-json\/wp\/v2\/posts\/270806\/revisions"}],"predecessor-version":[{"id":270812,"href":"https:\/\/notinor.com\/jujuy\/wp-json\/wp\/v2\/posts\/270806\/revisions\/270812"}],"wp:featuredmedia":[{"embeddable":true,"href":"https:\/\/notinor.com\/jujuy\/wp-json\/wp\/v2\/media\/270811"}],"wp:attachment":[{"href":"https:\/\/notinor.com\/jujuy\/wp-json\/wp\/v2\/media?parent=270806"}],"wp:term":[{"taxonomy":"category","embeddable":true,"href":"https:\/\/notinor.com\/jujuy\/wp-json\/wp\/v2\/categories?post=270806"},{"taxonomy":"post_tag","embeddable":true,"href":"https:\/\/notinor.com\/jujuy\/wp-json\/wp\/v2\/tags?post=270806"}],"curies":[{"name":"wp","href":"https:\/\/api.w.org\/{rel}","templated":true}]}}