{"id":270805,"date":"2020-10-13T12:14:44","date_gmt":"2020-10-13T15:14:44","guid":{"rendered":"https:\/\/notinor.com\/jujuy\/?p=270805"},"modified":"2020-10-13T12:14:51","modified_gmt":"2020-10-13T15:14:51","slug":"apelan-a-la-solidaridad-de-los-jujenos-para-fundar-un-merendero-a-pulmon-en-alto-comedero","status":"publish","type":"post","link":"https:\/\/notinor.com\/jujuy\/apelan-a-la-solidaridad-de-los-jujenos-para-fundar-un-merendero-a-pulmon-en-alto-comedero\/","title":{"rendered":"Apelan a la solidaridad de los juje\u00f1os para fundar un merendero a pulm\u00f3n en Alto Comedero"},"content":{"rendered":"\n<p>La idea es crear un espacio de contenci\u00f3n para ni\u00f1os de escasos recursos. <\/p>\n\n\n\n<figure class=\"wp-block-image size-large\"><img decoding=\"async\" loading=\"lazy\" width=\"720\" height=\"480\" src=\"https:\/\/notinor.com\/jujuy\/wp-content\/uploads\/2020\/10\/multimedia.normal.81864800bd990e66.6d6572656e6465726f5f6e6f726d616c2e6a7067-720x480.jpg\" alt=\"\" class=\"wp-image-270807\" srcset=\"https:\/\/notinor.com\/jujuy\/wp-content\/uploads\/2020\/10\/multimedia.normal.81864800bd990e66.6d6572656e6465726f5f6e6f726d616c2e6a7067-720x480.jpg 720w, https:\/\/notinor.com\/jujuy\/wp-content\/uploads\/2020\/10\/multimedia.normal.81864800bd990e66.6d6572656e6465726f5f6e6f726d616c2e6a7067-548x365.jpg 548w, https:\/\/notinor.com\/jujuy\/wp-content\/uploads\/2020\/10\/multimedia.normal.81864800bd990e66.6d6572656e6465726f5f6e6f726d616c2e6a7067-768x512.jpg 768w, https:\/\/notinor.com\/jujuy\/wp-content\/uploads\/2020\/10\/multimedia.normal.81864800bd990e66.6d6572656e6465726f5f6e6f726d616c2e6a7067-750x500.jpg 750w, https:\/\/notinor.com\/jujuy\/wp-content\/uploads\/2020\/10\/multimedia.normal.81864800bd990e66.6d6572656e6465726f5f6e6f726d616c2e6a7067-1140x760.jpg 1140w, https:\/\/notinor.com\/jujuy\/wp-content\/uploads\/2020\/10\/multimedia.normal.81864800bd990e66.6d6572656e6465726f5f6e6f726d616c2e6a7067.jpg 1280w\" sizes=\"(max-width: 720px) 100vw, 720px\" \/><\/figure>\n\n\n\n<p class=\"has-text-align-justify\">Un joven, motivado por brindar un espacio de apoyo y contenci\u00f3n a ni\u00f1os de escasos recursos, busca fundar una \"Copa de Leche\" en las <em>337 Viviendas del Barrio Alto Comedero<\/em>, por lo que apela a la solidaridad de la sociedad juje\u00f1a.<\/p>\n\n\n\n<p class=\"has-text-align-justify\">Para poder llevar adelante esta gran iniciativa necesita el recurso material: <strong>mesas, banquetas y vajillas<\/strong>. Adem\u00e1s, tambi\u00e9n ser\u00e1n bien recibidos los <strong>alimentos no perecederos y mercader\u00eda<\/strong> que pueda contribuir a la causa.<\/p>\n\n\n\n<p class=\"has-text-align-justify\">Tras m\u00e1s de seis meses de confinamiento la intenci\u00f3n es ofrecer no solo un espacio donde se contemplen necesidades b\u00e1sicas alimenticias, sino tambi\u00e9n recreativas, donde los m\u00e1s peque\u00f1os puedan crear v\u00ednculos afectivos y compartir momentos agradables. <\/p>\n\n\n\n<p class=\"has-text-align-justify\">Todos aquellos que deseen aportar su granito de arena a esta gran causa, pueden comunicarse al <strong>38844755252<\/strong> con <strong>Agust\u00edn Alfaro<\/strong>, quien impulsa esta movida solidaria. <\/p>\n","protected":false},"excerpt":{"rendered":"<p>La idea es crear un espacio de contenci\u00f3n para ni\u00f1os de escasos recursos. Un joven, motivado por brindar un espacio de apoyo y contenci\u00f3n a ni\u00f1os de escasos recursos, busca fundar una \"Copa de Leche\" en las 337 Viviendas del Barrio Alto Comedero, por lo que apela a la solidaridad de la sociedad juje\u00f1a. Para [&hellip;]<\/p>\n","protected":false},"author":37,"featured_media":270807,"comment_status":"open","ping_status":"open","sticky":false,"template":"","format":"standard","meta":{"_stopmodifiedupdate":false,"_modified_date":"","inline_featured_image":false,"spay_email":"","jetpack_publicize_message":""},"categories":[13],"tags":[],"jetpack_featured_media_url":"https:\/\/notinor.com\/jujuy\/wp-content\/uploads\/2020\/10\/multimedia.normal.81864800bd990e66.6d6572656e6465726f5f6e6f726d616c2e6a7067.jpg","jetpack_publicize_connections":[],"_links":{"self":[{"href":"https:\/\/notinor.com\/jujuy\/wp-json\/wp\/v2\/posts\/270805"}],"collection":[{"href":"https:\/\/notinor.com\/jujuy\/wp-json\/wp\/v2\/posts"}],"about":[{"href":"https:\/\/notinor.com\/jujuy\/wp-json\/wp\/v2\/types\/post"}],"author":[{"embeddable":true,"href":"https:\/\/notinor.com\/jujuy\/wp-json\/wp\/v2\/users\/37"}],"replies":[{"embeddable":true,"href":"https:\/\/notinor.com\/jujuy\/wp-json\/wp\/v2\/comments?post=270805"}],"version-history":[{"count":1,"href":"https:\/\/notinor.com\/jujuy\/wp-json\/wp\/v2\/posts\/270805\/revisions"}],"predecessor-version":[{"id":270822,"href":"https:\/\/notinor.com\/jujuy\/wp-json\/wp\/v2\/posts\/270805\/revisions\/270822"}],"wp:featuredmedia":[{"embeddable":true,"href":"https:\/\/notinor.com\/jujuy\/wp-json\/wp\/v2\/media\/270807"}],"wp:attachment":[{"href":"https:\/\/notinor.com\/jujuy\/wp-json\/wp\/v2\/media?parent=270805"}],"wp:term":[{"taxonomy":"category","embeddable":true,"href":"https:\/\/notinor.com\/jujuy\/wp-json\/wp\/v2\/categories?post=270805"},{"taxonomy":"post_tag","embeddable":true,"href":"https:\/\/notinor.com\/jujuy\/wp-json\/wp\/v2\/tags?post=270805"}],"curies":[{"name":"wp","href":"https:\/\/api.w.org\/{rel}","templated":true}]}}