{"id":270759,"date":"2020-10-13T10:19:10","date_gmt":"2020-10-13T13:19:10","guid":{"rendered":"https:\/\/notinor.com\/jujuy\/?p=270759"},"modified":"2020-10-13T10:19:16","modified_gmt":"2020-10-13T13:19:16","slug":"vuelven-las-clases-en-caba-habra-un-examen-a-fin-de-ano-y-escuela-de-verano-para-recuperar-los-contenidos-no-aprendidos","status":"publish","type":"post","link":"https:\/\/notinor.com\/jujuy\/vuelven-las-clases-en-caba-habra-un-examen-a-fin-de-ano-y-escuela-de-verano-para-recuperar-los-contenidos-no-aprendidos\/","title":{"rendered":"Vuelven las clases en CABA: habr\u00e1 un examen a fin de a\u00f1o y escuela de verano para recuperar los contenidos no aprendidos"},"content":{"rendered":"\n<p class=\"has-text-align-justify\">La ministra de Educaci\u00f3n, Soledad Acu\u00f1a, dio detalles de c\u00f3mo ser\u00e1 el regreso a las aulas de los chicos en la Capital Federal. Pidi\u00f3 especialmente que los padres no vayan a los colegios hasta que sean convocados por los docentes.<\/p>\n\n\n\n<figure class=\"wp-block-image size-large\"><img decoding=\"async\" loading=\"lazy\" width=\"840\" height=\"462\" src=\"https:\/\/notinor.com\/jujuy\/wp-content\/uploads\/2020\/10\/aula_ap_0001_1593087133-840x462.jpg\" alt=\"\" class=\"wp-image-270763\" srcset=\"https:\/\/notinor.com\/jujuy\/wp-content\/uploads\/2020\/10\/aula_ap_0001_1593087133-840x462.jpg 840w, https:\/\/notinor.com\/jujuy\/wp-content\/uploads\/2020\/10\/aula_ap_0001_1593087133-660x363.jpg 660w, https:\/\/notinor.com\/jujuy\/wp-content\/uploads\/2020\/10\/aula_ap_0001_1593087133-768x422.jpg 768w, https:\/\/notinor.com\/jujuy\/wp-content\/uploads\/2020\/10\/aula_ap_0001_1593087133-750x412.jpg 750w, https:\/\/notinor.com\/jujuy\/wp-content\/uploads\/2020\/10\/aula_ap_0001_1593087133.jpg 1072w\" sizes=\"(max-width: 840px) 100vw, 840px\" \/><\/figure>\n\n\n\n<p class=\"has-text-align-justify\">La ministra de Educaci\u00f3n de la Ciudad de Buenos Aires, Soledad Acu\u00f1a, dio algunos detalles del regreso gradual de clases. Seg\u00fan inform\u00f3, no habr\u00e1 cambios en el calendario escolar, que finalizar\u00e1 el 16 de diciembre. Pero s\u00ed habr\u00e1 un examen de fin de a\u00f1o para evaluar si los chicos aprendieron los contenidos correspondientes al a\u00f1o que est\u00e1n cursando.&nbsp;<mark><strong>Aquellos que demuestren dificultades, deber\u00e1n asistir a la escuela en el verano.<\/strong><\/mark><\/p>\n\n\n\n<p class=\"has-text-align-justify\">En una conferencia de prensa que comparti\u00f3 con el ministro de Salud, Fern\u00e1n Quir\u00f3s, y el secretario de Transporte, Juan Jos\u00e9 M\u00e9ndez, Acu\u00f1a adelant\u00f3 que est\u00e1n trabajando en anticipar el inicio del ciclo lectivo 2021, probablemente un mes con respecto a lo que estaba previsto.<\/p>\n\n\n\n<p class=\"has-text-align-justify\">\u201cLa escuela de la Ciudad va a abrir sus puertas despu\u00e9s de 213 d\u00edas, esta semana. Vamos a empezar con los chicos y chicas del \u00faltimo nivel de cada uno de los ciclo:&nbsp;<strong>con los de quinto a\u00f1o de las escuelas medias, con los de sexto a\u00f1o de las escuelas t\u00e9cnicas y con los s\u00e9ptimos grados de las escuelas primarias de gesti\u00f3n estata<\/strong>l\u201d, precis\u00f3 Acu\u00f1a.<\/p>\n\n\n\n<p class=\"has-text-align-justify\">De acuerdo a un relevamiento oficial, est\u00e1n en condiciones de retomar las clases unas 38 escuelas t\u00e9cnicas, 131 escuelas medias de gesti\u00f3n estatal y 464 escuelas primaria, que\u00a0<strong>equivale 633 escuelas y<\/strong>\u00a0<strong>33.221 alumnos.<\/strong><\/p>\n\n\n\n<p class=\"has-text-align-justify\">Esta semana arrancar\u00e1n las clases en las escuelas t\u00e9cnicas y medias y la semana siguiente las escuelas primarias.\u00a0<mark>\u201cLas de gesti\u00f3n privada tambi\u00e9n pueden comenzar pero tienen que realizar un tr\u00e1mite que es muy simple. Tienen que contactar con la Direcci\u00f3n General de Educaci\u00f3n Privada, confirmar que conocen y que van a cumplir el protocolo y partir de ah\u00ed los vamos a habilitar y van a poder ir abriendo sus puertas\u201d<\/mark>, asegur\u00f3 la Ministra.<\/p>\n\n\n\n<p class=\"has-text-align-justify\">Explic\u00f3 que se trata de una \u201cmodalidad cuidada\u201d, en la que trabajar\u00e1n con un protocolo dise\u00f1ado por el Ministro de Salud porte\u00f1o, Fern\u00e1n Quir\u00f3s, y su equipo de colaboradores.\u00a0<mark>\u201cVamos a trabajar con grupos de 10 alumnos y un docente en formato burbuja<strong>,<\/strong><\/mark>\u00a0que quiere decir que esos chicos y chicas no se van a cruzar con otros grupos y esto nos va a permitir que en el caso de detectarse a alg\u00fan alumno o docente que tenga s\u00edntomas de coronavirus se a\u00edsla a ese grupo y no a toda la escuela\u201d, detall\u00f3 Acu\u00f1a, quien adem\u00e1s remarc\u00f3 que\u00a0<mark>habr\u00e1 una diferencia de media hora entre cada grupo\u00a0<\/mark>para que el personal de limpieza pueda desinfectar.<\/p>\n\n\n\n<p class=\"has-text-align-justify\">A pesar de la expectativa que hay al respecto, la Ministra fue contundente: \u201cEsto no es la vuelta a clases pensando en la escuela que dejamos en marzo. Son espacios de presencialidad que complementan la virtualidad. Es un primer paso, es importante para chicos y chicas que no ven a sus pares desde hace 7 meses\u201d.<\/p>\n\n\n\n<p class=\"has-text-align-justify\">Durante la conferencia de prensa, Acu\u00f1a hizo hincapi\u00e9 en que los alumnos que no fueron convocados no vayan a la puerta de sus escuelas. \u201c<strong>Van a ser los docentes lo que se van a comunicar con las familias para decirle en qu\u00e9 turno y horario tienen que entrar y con qu\u00e9 grupo le toca<\/strong>. Queremos evitar que haya amontonamiento en la puerta. Los chicos y chicas ya saben a qu\u00e9 escuela tienen que ir porque fueron avisados\u201d, ejemplific\u00f3.<\/p>\n\n\n\n<p class=\"has-text-align-justify\">En esta vuelta a a la presencialidad, los maestros trabajar\u00e1n fundamentalmente en los aspectos sociales para que los alumnos y alumnas cuenten lo que les pas\u00f3 en esos meses en sus casas y para que naturalicen situaciones. \u201cEl componente fuerte ser\u00e1 darles un espacio de acompa\u00f1amiento y contarles que es lo que suceder\u00e1 cuando pasen a la pr\u00f3xima etapa\u201d, resalt\u00f3 la funcionaria.<\/p>\n\n\n\n<p class=\"has-text-align-justify\">Acu\u00f1a dijo que e<mark>l calendario escolar finalizar\u00e1 en la misma fecha prevista pero que trabajan en la posibilidad de adelantar el calendario del a\u00f1o que viene y empezar un mes antes.<\/mark><\/p>\n\n\n\n<p class=\"has-text-align-justify\">Explic\u00f3 que en la Ciudad va a haber una instancia de evaluaci\u00f3n y calificaci\u00f3n en diciembre, a diferencia de lo sucedido en el primer cuatrimestre y en el informe que recibir\u00e1n los padres en octubre, que se trata de un informe pedag\u00f3gico.<\/p>\n\n\n\n<p class=\"has-text-align-justify\">\u201c<mark>En diciembre va a haber una instancia evaluativa con calificaci\u00f3n que va a determinar si los chicos tienen que ir a recuperaci\u00f3n. Si eso sucede, habr\u00e1 escuela de verano en las escuelas estatales para aprender todos esos aprendizajes que no se pudieron afianzar durante este a\u00f1o\u201d<\/mark>.<\/p>\n\n\n\n<p class=\"has-text-align-justify\">Con respecto a los&nbsp;<strong>6500 que tuvieron problemas de conectividad&nbsp;<\/strong>y desde marzo perdieron el contacto con la escuela, la Ministra dijo que fueron identificados y contactados despu\u00e9s del receso invernal para que vuelvan retomar sus estudios. Ellos&nbsp;<strong>cursar\u00e1n al aire libre, en tres polideportivos<\/strong>: el de Parque Patricios, el de la Estaci\u00f3n de Almagro y el del Parque Indoamericano. \u201cEl tercer paso ser\u00e1 llevarlos a sus escuelas\u201d, precis\u00f3 Acu\u00f1a.<\/p>\n\n\n\n<p class=\"has-text-align-justify\">A su vez, la funcionaria porte\u00f1o adelant\u00f3 que desde el Gobierno de la Ciudad est\u00e1n trabajando \u201cpara presentarle a todos los chicos y chicas de todos los niveles alguna instancia de presencialidad antes de fin de a\u00f1o\u201d.<\/p>\n\n\n\n<p class=\"has-text-align-justify\">Por \u00faltimo, el Ministro de Transporte de la Ciudad, Juan Jos\u00e9 M\u00e9ndez, confirm\u00f3 que\u00a0<strong>los docentes y el personal no docente podr\u00e1n hacer uso del transporte p\u00fablico para ir a trabajar<\/strong>; y que est\u00e1 evaluando que los chicos y chicas que no puedan ir caminando o en bicicleta tambi\u00e9n puedan hacerlo.\u201cLos docentes y no docentes tendr\u00e1n que tramitar su permiso en Argentina.gob.ar\u201d, precis\u00f3.<\/p>\n\n\n\n<p><mark><strong>Detalles del protocolo<\/strong><\/mark><\/p>\n\n\n\n<p>-Distanciamiento social de al menos 2 metros entre todos los actores involucrados.<\/p>\n\n\n\n<p>-Tapaboca obligatorio, para el ingreso y permanencia en los establecimientos educativos<\/p>\n\n\n\n<p>-Control de temperatura y s\u00edntomas a todas las personas que ingresen al establecimiento<\/p>\n\n\n\n<p>-30 minutos entre los turnos para desinfecci\u00f3n de las zonas de trabajo<\/p>\n\n\n\n<p>-Ante la aparici\u00f3n de un caso sospechoso de COVID-19 en el establecimiento educativo, el equipo directivo deber\u00e1 llevar a cabo las siguientes acciones:<\/p>\n\n\n\n<p>&nbsp;Dirigirla\/o al sector de aislamiento destinado a tal efecto.<\/p>\n\n\n\n<p>\u25cf Contactar inmediatamente al sistema de cobertura privada de salud de la persona y, en caso de que cuente con cobertura p\u00fablica exclusiva, se deber\u00e1 llamar al 107.<\/p>\n\n\n\n<p>\u25cf En el caso de estudiantes, asimismo se deber\u00e1 contactar al referente familiar o adulta\/o responsable.<\/p>\n\n\n\n<p>\u25cf En caso de personal docente y no docente confirmado, informar a la ART y otorgar la licencia correspondiente.<\/p>\n\n\n\n<p>\u25cf Una vez confirmado el caso, el Ministerio de Salud de la Ciudad Aut\u00f3noma de Buenos Aires identificar\u00e1 a las personas que cumplan criterios de contacto estrecho.<\/p>\n","protected":false},"excerpt":{"rendered":"<p>La ministra de Educaci\u00f3n, Soledad Acu\u00f1a, dio detalles de c\u00f3mo ser\u00e1 el regreso a las aulas de los chicos en la Capital Federal. Pidi\u00f3 especialmente que los padres no vayan a los colegios hasta que sean convocados por los docentes. La ministra de Educaci\u00f3n de la Ciudad de Buenos Aires, Soledad Acu\u00f1a, dio algunos detalles [&hellip;]<\/p>\n","protected":false},"author":37,"featured_media":270763,"comment_status":"open","ping_status":"open","sticky":false,"template":"","format":"standard","meta":{"_stopmodifiedupdate":false,"_modified_date":"","inline_featured_image":false,"spay_email":"","jetpack_publicize_message":""},"categories":[5],"tags":[],"jetpack_featured_media_url":"https:\/\/notinor.com\/jujuy\/wp-content\/uploads\/2020\/10\/aula_ap_0001_1593087133.jpg","jetpack_publicize_connections":[],"_links":{"self":[{"href":"https:\/\/notinor.com\/jujuy\/wp-json\/wp\/v2\/posts\/270759"}],"collection":[{"href":"https:\/\/notinor.com\/jujuy\/wp-json\/wp\/v2\/posts"}],"about":[{"href":"https:\/\/notinor.com\/jujuy\/wp-json\/wp\/v2\/types\/post"}],"author":[{"embeddable":true,"href":"https:\/\/notinor.com\/jujuy\/wp-json\/wp\/v2\/users\/37"}],"replies":[{"embeddable":true,"href":"https:\/\/notinor.com\/jujuy\/wp-json\/wp\/v2\/comments?post=270759"}],"version-history":[{"count":1,"href":"https:\/\/notinor.com\/jujuy\/wp-json\/wp\/v2\/posts\/270759\/revisions"}],"predecessor-version":[{"id":270769,"href":"https:\/\/notinor.com\/jujuy\/wp-json\/wp\/v2\/posts\/270759\/revisions\/270769"}],"wp:featuredmedia":[{"embeddable":true,"href":"https:\/\/notinor.com\/jujuy\/wp-json\/wp\/v2\/media\/270763"}],"wp:attachment":[{"href":"https:\/\/notinor.com\/jujuy\/wp-json\/wp\/v2\/media?parent=270759"}],"wp:term":[{"taxonomy":"category","embeddable":true,"href":"https:\/\/notinor.com\/jujuy\/wp-json\/wp\/v2\/categories?post=270759"},{"taxonomy":"post_tag","embeddable":true,"href":"https:\/\/notinor.com\/jujuy\/wp-json\/wp\/v2\/tags?post=270759"}],"curies":[{"name":"wp","href":"https:\/\/api.w.org\/{rel}","templated":true}]}}