{"id":270742,"date":"2020-10-13T10:34:22","date_gmt":"2020-10-13T13:34:22","guid":{"rendered":"https:\/\/notinor.com\/jujuy\/?p=270742"},"modified":"2020-10-13T10:40:20","modified_gmt":"2020-10-13T13:40:20","slug":"mauricio-macri-el-peronismo-esta-secuestrado-por-cristina-kirchner","status":"publish","type":"post","link":"https:\/\/notinor.com\/jujuy\/mauricio-macri-el-peronismo-esta-secuestrado-por-cristina-kirchner\/","title":{"rendered":"Mauricio Macri: \u201cEl peronismo est\u00e1 secuestrado por Cristina Kirchner\u201d"},"content":{"rendered":"\n<p>La primera entrevista de Mauricio Macri en Argentina tras dejar la presidencia fue tras una jornada repleta de movilizaciones a lo largo del pa\u00eds.<\/p>\n\n\n\n<figure class=\"wp-block-image size-large\"><img decoding=\"async\" loading=\"lazy\" width=\"700\" height=\"395\" src=\"https:\/\/notinor.com\/jujuy\/wp-content\/uploads\/2020\/10\/MACRI.jpg\" alt=\"\" class=\"wp-image-270775\" srcset=\"https:\/\/notinor.com\/jujuy\/wp-content\/uploads\/2020\/10\/MACRI.jpg 700w, https:\/\/notinor.com\/jujuy\/wp-content\/uploads\/2020\/10\/MACRI-647x365.jpg 647w\" sizes=\"(max-width: 700px) 100vw, 700px\" \/><\/figure>\n\n\n\n<p>El expresidente Mauricio Macri dialog\u00f3 este lunes con Joaqu\u00edn Morales Sol\u00e1 en Desde el Llano, por la pantalla de TN. Tras una jornada marcada por las movilizaciones sociales a lo largo del pa\u00eds, en consigna con el banderazo del \u201c12O\u201d, el presidente de la Fundaci\u00f3n FIFA expres\u00f3: \u201cLas movilizaciones son en contra del atropello de las instituciones y a favor de la cultura del trabajo\u201d.<\/p>\n\n\n\n<p>En la primera entrevista en el pa\u00eds tras dejar el poder en diciembre del a\u00f1o pasado, Macri sostuvo: \u201cEsta cuarentena eterna ha sido muy da\u00f1ina y sin ning\u00fan resultado\u201d. Acerca de las movilizaciones, resalt\u00f3 que son \u201cespont\u00e1neas\u201d a\u00fan cuando se \u201cidentifican con nuestros valores\u201d. Sobre la protesta frente a la casa de Cristina Kirchner, se\u00f1al\u00f3 que \u201cno era el lugar para convocarse a manifestar\u201d.<\/p>\n\n\n\n<p>Sobre su gesti\u00f3n pasada, el empresario remarc\u00f3 una dicotom\u00eda durante su gesti\u00f3n. Al llegar y comprender que encontr\u00f3 \u201cun Estado quebrado\u201d en diciembre de 2015, remarc\u00f3 una dicotom\u00eda: \u201cDecirles esa realidad cruda a los argentinos o apelar a ese brote de entusiasmo para empezar a construir\u201d. \u201cComet\u00ed un error en no contar la situaci\u00f3n econ\u00f3mica en la que recib\u00ed el Estado\u201d, sostuvo.<\/p>\n\n\n\n<p>Otro importante suceso al que hizo referencia fue en diciembre de 2017, en medio de las movilizaciones ante el Congreso y la convocatoria a una segunda sesi\u00f3n. \u201cAh\u00ed se quebr\u00f3 el Gobierno. El modo defensivo me sac\u00f3 la capacidad de escuchar\u201d, asegur\u00f3.<\/p>\n\n\n\n<p>\u201cComo Presidente nunca deb\u00ed haber delegado la discusi\u00f3n pol\u00edtica\u201d, asever\u00f3 Mauricio Macri. \u201cLo ten\u00eda que hacer como Presidente y lo tiene que hacer cualquiera que tenga que ser Presidente\u201d, insisti\u00f3. Aunque tambi\u00e9n se\u00f1al\u00f3 al actual oficialismo como una fuente de conflicto debido a la actual vicepresidenta. \u201cEl peronismo est\u00e1 secuestrado por Cristina Kirchner hace m\u00e1s de 10 a\u00f1os\u201d, declar\u00f3.<\/p>\n\n\n\n<p>La cuarentena en el pa\u00eds<\/p>\n\n\n\n<p>Cuando el periodista le consult\u00f3 sobre su manera de afrontar la cuarentena si es que hubiera sido \u00e9l Presidente, Macri expres\u00f3 que hubiese apelado a la responsabilidad social. En contraposici\u00f3n a la actitud oficial actual, destac\u00f3: \u201cEl Gobierno Nacional tom\u00f3 una actitud de miedo y autoritarismo\u201d.<\/p>\n\n\n\n<p>\u201cMe sent\u00ed perseguido por el Gobierno\u201d, se\u00f1al\u00f3 sobre sus d\u00edas despu\u00e9s de dejar la presidencia. Sobre la actitud de Cristina Kirchner apunt\u00f3: \u201cElla desde que es Gobierno se ha dedicado personalmente a perseguir a mi familia en el Correo\u201d.<\/p>\n","protected":false},"excerpt":{"rendered":"<p>La primera entrevista de Mauricio Macri en Argentina tras dejar la presidencia fue tras una jornada repleta de movilizaciones a lo largo del pa\u00eds. El expresidente Mauricio Macri dialog\u00f3 este lunes con Joaqu\u00edn Morales Sol\u00e1 en Desde el Llano, por la pantalla de TN. Tras una jornada marcada por las movilizaciones sociales a lo largo [&hellip;]<\/p>\n","protected":false},"author":5,"featured_media":270775,"comment_status":"open","ping_status":"open","sticky":false,"template":"","format":"standard","meta":{"_stopmodifiedupdate":false,"_modified_date":"","inline_featured_image":false,"spay_email":"","jetpack_publicize_message":""},"categories":[501],"tags":[],"jetpack_featured_media_url":"https:\/\/notinor.com\/jujuy\/wp-content\/uploads\/2020\/10\/MACRI.jpg","jetpack_publicize_connections":[],"_links":{"self":[{"href":"https:\/\/notinor.com\/jujuy\/wp-json\/wp\/v2\/posts\/270742"}],"collection":[{"href":"https:\/\/notinor.com\/jujuy\/wp-json\/wp\/v2\/posts"}],"about":[{"href":"https:\/\/notinor.com\/jujuy\/wp-json\/wp\/v2\/types\/post"}],"author":[{"embeddable":true,"href":"https:\/\/notinor.com\/jujuy\/wp-json\/wp\/v2\/users\/5"}],"replies":[{"embeddable":true,"href":"https:\/\/notinor.com\/jujuy\/wp-json\/wp\/v2\/comments?post=270742"}],"version-history":[{"count":1,"href":"https:\/\/notinor.com\/jujuy\/wp-json\/wp\/v2\/posts\/270742\/revisions"}],"predecessor-version":[{"id":270777,"href":"https:\/\/notinor.com\/jujuy\/wp-json\/wp\/v2\/posts\/270742\/revisions\/270777"}],"wp:featuredmedia":[{"embeddable":true,"href":"https:\/\/notinor.com\/jujuy\/wp-json\/wp\/v2\/media\/270775"}],"wp:attachment":[{"href":"https:\/\/notinor.com\/jujuy\/wp-json\/wp\/v2\/media?parent=270742"}],"wp:term":[{"taxonomy":"category","embeddable":true,"href":"https:\/\/notinor.com\/jujuy\/wp-json\/wp\/v2\/categories?post=270742"},{"taxonomy":"post_tag","embeddable":true,"href":"https:\/\/notinor.com\/jujuy\/wp-json\/wp\/v2\/tags?post=270742"}],"curies":[{"name":"wp","href":"https:\/\/api.w.org\/{rel}","templated":true}]}}