{"id":270722,"date":"2020-10-13T08:00:00","date_gmt":"2020-10-13T11:00:00","guid":{"rendered":"https:\/\/notinor.com\/jujuy\/?p=270722"},"modified":"2020-10-12T23:50:23","modified_gmt":"2020-10-13T02:50:23","slug":"fuera-de-control-no-cesan-los-incendios-en-jujuy","status":"publish","type":"post","link":"https:\/\/notinor.com\/jujuy\/fuera-de-control-no-cesan-los-incendios-en-jujuy\/","title":{"rendered":"Fuera de control: no cesan los incendios en Jujuy"},"content":{"rendered":"\n<p>La zona de las Yungas contin\u00faa consumida por grandes incendios forestales.<\/p>\n\n\n\n<figure class=\"wp-block-image size-large\"><img decoding=\"async\" loading=\"lazy\" width=\"640\" height=\"480\" src=\"https:\/\/notinor.com\/jujuy\/wp-content\/uploads\/2020\/10\/Incendio-Parque-Nacional-640x480.jpg\" alt=\"\" class=\"wp-image-270723\" srcset=\"https:\/\/notinor.com\/jujuy\/wp-content\/uploads\/2020\/10\/Incendio-Parque-Nacional-640x480.jpg 640w, https:\/\/notinor.com\/jujuy\/wp-content\/uploads\/2020\/10\/Incendio-Parque-Nacional-487x365.jpg 487w, https:\/\/notinor.com\/jujuy\/wp-content\/uploads\/2020\/10\/Incendio-Parque-Nacional-768x576.jpg 768w, https:\/\/notinor.com\/jujuy\/wp-content\/uploads\/2020\/10\/Incendio-Parque-Nacional-750x563.jpg 750w, https:\/\/notinor.com\/jujuy\/wp-content\/uploads\/2020\/10\/Incendio-Parque-Nacional.jpg 1000w\" sizes=\"(max-width: 640px) 100vw, 640px\" \/><\/figure>\n\n\n\n<p>Durante los \u00faltimos d\u00edas se complic\u00f3 la situaci\u00f3n de los distintos focos de incendio en la zona de las Yungas. A ra\u00edz de esto, la ciudad de San Salvador de Jujuy y dem\u00e1s localidades se vieron recientemente envueltas en humo proveniente de los incendios forestales.<\/p>\n\n\n\n<p>La situaci\u00f3n es cr\u00edtica, de hecho las autoridades del Parque Nacional Calilegua aseguraron que <strong>los incendios est\u00e1n fuera de control<\/strong>, por lo que guardaparques locales y de otras provincias est\u00e1n trabajando incesantemente para intentar controlar y detener el avance de las peligrosas llamas. Un tercio del \u00e1rea protegida de la reserva natural ya se consumi\u00f3 por el fuego.<\/p>\n\n\n\n<p>Asimismo hay incendios que llevan ardiendo varios d\u00edas, como el de la zona del Zanj\u00f3n Seco que se inici\u00f3 el pasado 18 de septiembre y hasta ahora no puede ser controlada. Adem\u00e1s de este hay otros tres grandes focos en Yuto, Sauzalito y El Bananal, que se dirigen en direcci\u00f3n al Parque Nacional -que ya perdi\u00f3 al menos 753 hect\u00e1reas de territorio-.<\/p>\n\n\n\n<p><em>Relacionado: <strong><a href=\"https:\/\/notinor.com\/jujuy\/declararon-situacion-de-peligro-extremo-por-los-incendios-en-jujuy\/\">Declararon situaci\u00f3n de \u00abpeligro extremo\u00bb por los incendios en Jujuy<\/a><\/strong><\/em><\/p>\n\n\n\n<p>Desde la reserva natural afirmaron que <strong>la perdida de flora y fauna representa un da\u00f1o irreparable<\/strong>. Adem\u00e1s la semana pasada arribaron a Jujuy personal combatientes de los Parques Nacionales Copo, El Impenetrable y del Sistema Federal de Fuego, quienes se sumaron a los combatientes de los Parques Nacionales El Rey y Pizarro.<\/p>\n\n\n\n<figure class=\"wp-block-image size-large\"><img decoding=\"async\" loading=\"lazy\" width=\"640\" height=\"480\" src=\"https:\/\/notinor.com\/jujuy\/wp-content\/uploads\/2020\/10\/incendios-parque-calilegua-640x480.jpeg\" alt=\"\" class=\"wp-image-270701\" srcset=\"https:\/\/notinor.com\/jujuy\/wp-content\/uploads\/2020\/10\/incendios-parque-calilegua-640x480.jpeg 640w, https:\/\/notinor.com\/jujuy\/wp-content\/uploads\/2020\/10\/incendios-parque-calilegua-487x365.jpeg 487w, https:\/\/notinor.com\/jujuy\/wp-content\/uploads\/2020\/10\/incendios-parque-calilegua-768x576.jpeg 768w, https:\/\/notinor.com\/jujuy\/wp-content\/uploads\/2020\/10\/incendios-parque-calilegua-750x563.jpeg 750w, https:\/\/notinor.com\/jujuy\/wp-content\/uploads\/2020\/10\/incendios-parque-calilegua.jpeg 1024w\" sizes=\"(max-width: 640px) 100vw, 640px\" \/><\/figure>\n","protected":false},"excerpt":{"rendered":"<p>La zona de las Yungas contin\u00faa consumida por grandes incendios forestales. Durante los \u00faltimos d\u00edas se complic\u00f3 la situaci\u00f3n de los distintos focos de incendio en la zona de las Yungas. A ra\u00edz de esto, la ciudad de San Salvador de Jujuy y dem\u00e1s localidades se vieron recientemente envueltas en humo proveniente de los incendios [&hellip;]<\/p>\n","protected":false},"author":1,"featured_media":270723,"comment_status":"open","ping_status":"open","sticky":false,"template":"","format":"standard","meta":{"_stopmodifiedupdate":false,"_modified_date":"","inline_featured_image":false,"spay_email":"","jetpack_publicize_message":""},"categories":[2],"tags":[],"jetpack_featured_media_url":"https:\/\/notinor.com\/jujuy\/wp-content\/uploads\/2020\/10\/Incendio-Parque-Nacional.jpg","jetpack_publicize_connections":[],"_links":{"self":[{"href":"https:\/\/notinor.com\/jujuy\/wp-json\/wp\/v2\/posts\/270722"}],"collection":[{"href":"https:\/\/notinor.com\/jujuy\/wp-json\/wp\/v2\/posts"}],"about":[{"href":"https:\/\/notinor.com\/jujuy\/wp-json\/wp\/v2\/types\/post"}],"author":[{"embeddable":true,"href":"https:\/\/notinor.com\/jujuy\/wp-json\/wp\/v2\/users\/1"}],"replies":[{"embeddable":true,"href":"https:\/\/notinor.com\/jujuy\/wp-json\/wp\/v2\/comments?post=270722"}],"version-history":[{"count":1,"href":"https:\/\/notinor.com\/jujuy\/wp-json\/wp\/v2\/posts\/270722\/revisions"}],"predecessor-version":[{"id":270724,"href":"https:\/\/notinor.com\/jujuy\/wp-json\/wp\/v2\/posts\/270722\/revisions\/270724"}],"wp:featuredmedia":[{"embeddable":true,"href":"https:\/\/notinor.com\/jujuy\/wp-json\/wp\/v2\/media\/270723"}],"wp:attachment":[{"href":"https:\/\/notinor.com\/jujuy\/wp-json\/wp\/v2\/media?parent=270722"}],"wp:term":[{"taxonomy":"category","embeddable":true,"href":"https:\/\/notinor.com\/jujuy\/wp-json\/wp\/v2\/categories?post=270722"},{"taxonomy":"post_tag","embeddable":true,"href":"https:\/\/notinor.com\/jujuy\/wp-json\/wp\/v2\/tags?post=270722"}],"curies":[{"name":"wp","href":"https:\/\/api.w.org\/{rel}","templated":true}]}}