{"id":270706,"date":"2020-10-12T19:44:58","date_gmt":"2020-10-12T22:44:58","guid":{"rendered":"https:\/\/notinor.com\/jujuy\/?p=270706"},"modified":"2020-10-12T19:45:03","modified_gmt":"2020-10-12T22:45:03","slug":"convenio-para-que-los-futuros-policias-se-formen-en-responsabilidad-social","status":"publish","type":"post","link":"https:\/\/notinor.com\/jujuy\/convenio-para-que-los-futuros-policias-se-formen-en-responsabilidad-social\/","title":{"rendered":"Convenio para que los futuros polic\u00edas se formen en Responsabilidad Social"},"content":{"rendered":"\n<p>Est\u00e1 firmado por el Ministerio de Seguridad y tres organizaciones solidarias.<\/p>\n\n\n\n<figure class=\"wp-block-image size-large\"><img decoding=\"async\" loading=\"lazy\" width=\"720\" height=\"480\" src=\"https:\/\/notinor.com\/jujuy\/wp-content\/uploads\/2020\/10\/IMG-20201009-WA0464-1140x760-1-720x480.jpg\" alt=\"\" class=\"wp-image-270707\" srcset=\"https:\/\/notinor.com\/jujuy\/wp-content\/uploads\/2020\/10\/IMG-20201009-WA0464-1140x760-1-720x480.jpg 720w, https:\/\/notinor.com\/jujuy\/wp-content\/uploads\/2020\/10\/IMG-20201009-WA0464-1140x760-1-548x365.jpg 548w, https:\/\/notinor.com\/jujuy\/wp-content\/uploads\/2020\/10\/IMG-20201009-WA0464-1140x760-1-768x512.jpg 768w, https:\/\/notinor.com\/jujuy\/wp-content\/uploads\/2020\/10\/IMG-20201009-WA0464-1140x760-1-750x500.jpg 750w, https:\/\/notinor.com\/jujuy\/wp-content\/uploads\/2020\/10\/IMG-20201009-WA0464-1140x760-1.jpg 1140w\" sizes=\"(max-width: 720px) 100vw, 720px\" \/><\/figure>\n\n\n\n<p>El Ministro de Seguridad de la Provincia, <strong>Ekel Meyer<\/strong>, firm\u00f3 tres convenios de trabajo conjunto con las fundaciones <strong>Manos Abiertas, CONIN y Todos Juntos de Jujuy.<\/strong> Los mismos acuerdan que los alumnos del Instituto Universitario Provincial de Seguridad, futuros polic\u00edas, se capaciten en responsabilidad social, a trav\u00e9s de la sensibilizaci\u00f3n y del trabajo con personas en situaci\u00f3n de vulnerabilidad.<\/p>\n\n\n\n<p>Mediante un encuentro v\u00eda zoom con los alumnos de la carrera de Agentes de Polic\u00eda que iniciaron el seminario de \u201cResponsabilidad Social y V\u00ednculos con la Comunidad\u201d, se firmaron dichos convenios. Participaron Delia Ren\u00e9 Fern\u00e1ndez y Victoria Posse de fundaci\u00f3n CONIN y de la Asociaci\u00f3n Civil Accionar, quienes resaltaron el valor de trabajar en la formaci\u00f3n de los cadetes, que luego vivenciar\u00e1n el contacto con la realidad de cada sector vulnerable.<\/p>\n\n\n\n<p>En este marco, <strong>Meyer<\/strong>, resalt\u00f3 que \u201cse trabajar\u00e1 frente a lo que significa la responsabilidad social, y la formaci\u00f3n de los alumnos, estas asociaciones van a formar, educar y preparar a los alumnos, brindando una serie de cursos y distintos tipos de orientaciones\u201d.<\/p>\n\n\n\n<p>Continu\u00f3 explicando que \u201ces fundamental, en la formaci\u00f3n de un polic\u00eda la responsabilidad social, ya que es un servidor p\u00fablico que no solo vela por la seguridad, sino tambi\u00e9n que debe ser responsable frente a la sociedad, por ello la importancia de formarlos en \u00e9sta tem\u00e1tica\u201d.<\/p>\n\n\n\n<figure class=\"wp-block-image size-large\"><img decoding=\"async\" src=\"http:\/\/prensa.jujuy.gob.ar\/wp-content\/uploads\/sites\/37\/2020\/10\/IMG-20201009-WA0465-1-1140x760.jpg\" alt=\"\"\/><\/figure>\n\n\n\n<p>El Presidente de la <strong>Fundaci\u00f3n Manos Abiertas, Jorge Hiruela<\/strong>, expres\u00f3 que \u201cse busca generar v\u00ednculos y trabajar mancomunadamente con el Estado. Creemos que el rol de los agentes de polic\u00eda es determinante, son la cara del Estado frente a la comunidad, y creemos que hay una gran cantidad de capacidades que pueden ayudar y sumar\u201d.<\/p>\n\n\n\n<p>Por su parte, el Presidente de la <strong>Asociaci\u00f3n Civil Todos Juntos, Patricio Carrillo<\/strong>, resalt\u00f3 que \u201cpensamos que es fundamental poder vincularse con el Estado, donde se trabaja con tem\u00e1ticas de la vulnerabilidad en la sociedad. Es importante que un agente de la seguridad sepa c\u00f3mo tratar a una persona con discapacidad, que est\u00e9 sensibilizado de antemano, para que pueda solucionar los problemas que puedan presentarse y que pueden ser cotidianos\u201d.<\/p>\n\n\n\n<p>Por \u00faltimo, la Rectora del <strong>Instituto Universitario Provincial de Seguridad, Carolina Calv\u00f3,<\/strong> dijo que \u201ces un proyecto estrat\u00e9gico institucional, que es la articulaci\u00f3n y la vinculaci\u00f3n con las organizaciones que trabajan directamente en territorio. Es un logro que nos permite formar a todos los cadentes desde lo vivencial con organizaciones sociales y con personas que necesitan otro tipo de asistencia y trato. Se est\u00e1 construyendo la seguridad para una provincia a trav\u00e9s del pilar fundamental que es la educaci\u00f3n de los cadetes, con una mirada social, que va relacionada con las actividades de prevenci\u00f3n que tiene la Polic\u00eda\u201d.<\/p>\n","protected":false},"excerpt":{"rendered":"<p>Est\u00e1 firmado por el Ministerio de Seguridad y tres organizaciones solidarias. El Ministro de Seguridad de la Provincia, Ekel Meyer, firm\u00f3 tres convenios de trabajo conjunto con las fundaciones Manos Abiertas, CONIN y Todos Juntos de Jujuy. Los mismos acuerdan que los alumnos del Instituto Universitario Provincial de Seguridad, futuros polic\u00edas, se capaciten en responsabilidad [&hellip;]<\/p>\n","protected":false},"author":1,"featured_media":270707,"comment_status":"open","ping_status":"open","sticky":false,"template":"","format":"standard","meta":{"_stopmodifiedupdate":false,"_modified_date":"","inline_featured_image":false,"spay_email":"","jetpack_publicize_message":""},"categories":[501],"tags":[],"jetpack_featured_media_url":"https:\/\/notinor.com\/jujuy\/wp-content\/uploads\/2020\/10\/IMG-20201009-WA0464-1140x760-1.jpg","jetpack_publicize_connections":[],"_links":{"self":[{"href":"https:\/\/notinor.com\/jujuy\/wp-json\/wp\/v2\/posts\/270706"}],"collection":[{"href":"https:\/\/notinor.com\/jujuy\/wp-json\/wp\/v2\/posts"}],"about":[{"href":"https:\/\/notinor.com\/jujuy\/wp-json\/wp\/v2\/types\/post"}],"author":[{"embeddable":true,"href":"https:\/\/notinor.com\/jujuy\/wp-json\/wp\/v2\/users\/1"}],"replies":[{"embeddable":true,"href":"https:\/\/notinor.com\/jujuy\/wp-json\/wp\/v2\/comments?post=270706"}],"version-history":[{"count":1,"href":"https:\/\/notinor.com\/jujuy\/wp-json\/wp\/v2\/posts\/270706\/revisions"}],"predecessor-version":[{"id":270708,"href":"https:\/\/notinor.com\/jujuy\/wp-json\/wp\/v2\/posts\/270706\/revisions\/270708"}],"wp:featuredmedia":[{"embeddable":true,"href":"https:\/\/notinor.com\/jujuy\/wp-json\/wp\/v2\/media\/270707"}],"wp:attachment":[{"href":"https:\/\/notinor.com\/jujuy\/wp-json\/wp\/v2\/media?parent=270706"}],"wp:term":[{"taxonomy":"category","embeddable":true,"href":"https:\/\/notinor.com\/jujuy\/wp-json\/wp\/v2\/categories?post=270706"},{"taxonomy":"post_tag","embeddable":true,"href":"https:\/\/notinor.com\/jujuy\/wp-json\/wp\/v2\/tags?post=270706"}],"curies":[{"name":"wp","href":"https:\/\/api.w.org\/{rel}","templated":true}]}}