{"id":270699,"date":"2020-10-12T17:17:01","date_gmt":"2020-10-12T20:17:01","guid":{"rendered":"https:\/\/notinor.com\/jujuy\/?p=270699"},"modified":"2020-10-12T17:17:06","modified_gmt":"2020-10-12T20:17:06","slug":"declararon-situacion-de-peligro-extremo-por-los-incendios-en-jujuy","status":"publish","type":"post","link":"https:\/\/notinor.com\/jujuy\/declararon-situacion-de-peligro-extremo-por-los-incendios-en-jujuy\/","title":{"rendered":"Declararon situaci\u00f3n de \"peligro extremo\" por los incendios en Jujuy"},"content":{"rendered":"\n<p>As\u00ed lo manifest\u00f3 el Ministerio de Ambiente de la Provincia. Queda totalmente prohibida cualquier tipo de quema en todo el territorio juje\u00f1o.<\/p>\n\n\n\n<figure class=\"wp-block-image size-large\"><img decoding=\"async\" loading=\"lazy\" width=\"640\" height=\"480\" src=\"https:\/\/notinor.com\/jujuy\/wp-content\/uploads\/2020\/10\/incendios-parque-calilegua-640x480.jpeg\" alt=\"\" class=\"wp-image-270701\" srcset=\"https:\/\/notinor.com\/jujuy\/wp-content\/uploads\/2020\/10\/incendios-parque-calilegua-640x480.jpeg 640w, https:\/\/notinor.com\/jujuy\/wp-content\/uploads\/2020\/10\/incendios-parque-calilegua-487x365.jpeg 487w, https:\/\/notinor.com\/jujuy\/wp-content\/uploads\/2020\/10\/incendios-parque-calilegua-768x576.jpeg 768w, https:\/\/notinor.com\/jujuy\/wp-content\/uploads\/2020\/10\/incendios-parque-calilegua-750x563.jpeg 750w, https:\/\/notinor.com\/jujuy\/wp-content\/uploads\/2020\/10\/incendios-parque-calilegua.jpeg 1024w\" sizes=\"(max-width: 640px) 100vw, 640px\" \/><\/figure>\n\n\n\n<p>Durante los \u00faltimos d\u00edas se agravaron los distintos focos de incendio en la provincia de Jujuy. En el Parque Nacional Calilegua las llamas ya consumieron 753 hect\u00e1reas de territorio y las condiciones adversas del clima hacen que el fuego se propague r\u00e1pidamente.<\/p>\n\n\n\n<p>Por todo esto, y basados en informaci\u00f3n brindada por las Estaciones Meteorol\u00f3gicas de la Provincia , la situaci\u00f3n en materia de Peligrosidad de Incendios Forestales se categoriza hoy con peligro \"extremo\". As\u00ed lo afirmaron desde el Ministerio de Ambiente de Jujuy.<\/p>\n\n\n\n<p>A ra\u00edz de esto, se insta a la poblaci\u00f3n a colaborar en la prevenci\u00f3n de incendios y queda totalmente prohibida cualquier tipo de quema en todo el territorio provincial.<\/p>\n\n\n\n<p>Las condiciones meteorol\u00f3gicas actuales vuelven al terreno y al ambiente propensos a incendios forestales, por lo que se solicita no iniciar ning\u00fan fuego ni encender material que pueda provocar un incendio.<\/p>\n\n\n\n<figure class=\"wp-block-image size-large\"><img decoding=\"async\" src=\"https:\/\/scontent.fjuj3-1.fna.fbcdn.net\/v\/t1.0-9\/fr\/cp0\/e15\/q65\/121292064_2681950805363148_3389270083605803371_o.jpg?_nc_cat=101&amp;_nc_sid=8024bb&amp;efg=eyJpIjoidCJ9&amp;_nc_ohc=ZaxylxIFJC0AX8m1C6N&amp;_nc_ht=scontent.fjuj3-1.fna&amp;tp=14&amp;oh=bcc616aacb715e80da5298669fb5f567&amp;oe=5FA9688A\" alt=\"\"\/><\/figure>\n\n\n\n<figure class=\"wp-block-image size-large\"><img decoding=\"async\" src=\"https:\/\/scontent.fjuj3-1.fna.fbcdn.net\/v\/t1.0-9\/121306847_2681951025363126_2095853215668428443_n.png?_nc_cat=106&amp;_nc_sid=8024bb&amp;efg=eyJpIjoidCJ9&amp;_nc_ohc=shdgnRG2wDMAX9M5apl&amp;_nc_ht=scontent.fjuj3-1.fna&amp;oh=e3a2ee303061dd29538f5e49787e2605&amp;oe=5FABACF5\" alt=\"\"\/><\/figure>\n","protected":false},"excerpt":{"rendered":"<p>As\u00ed lo manifest\u00f3 el Ministerio de Ambiente de la Provincia. Queda totalmente prohibida cualquier tipo de quema en todo el territorio juje\u00f1o. Durante los \u00faltimos d\u00edas se agravaron los distintos focos de incendio en la provincia de Jujuy. En el Parque Nacional Calilegua las llamas ya consumieron 753 hect\u00e1reas de territorio y las condiciones adversas [&hellip;]<\/p>\n","protected":false},"author":1,"featured_media":270701,"comment_status":"open","ping_status":"open","sticky":false,"template":"","format":"standard","meta":{"_stopmodifiedupdate":false,"_modified_date":"","inline_featured_image":false,"spay_email":"","jetpack_publicize_message":""},"categories":[2],"tags":[],"jetpack_featured_media_url":"https:\/\/notinor.com\/jujuy\/wp-content\/uploads\/2020\/10\/incendios-parque-calilegua.jpeg","jetpack_publicize_connections":[],"_links":{"self":[{"href":"https:\/\/notinor.com\/jujuy\/wp-json\/wp\/v2\/posts\/270699"}],"collection":[{"href":"https:\/\/notinor.com\/jujuy\/wp-json\/wp\/v2\/posts"}],"about":[{"href":"https:\/\/notinor.com\/jujuy\/wp-json\/wp\/v2\/types\/post"}],"author":[{"embeddable":true,"href":"https:\/\/notinor.com\/jujuy\/wp-json\/wp\/v2\/users\/1"}],"replies":[{"embeddable":true,"href":"https:\/\/notinor.com\/jujuy\/wp-json\/wp\/v2\/comments?post=270699"}],"version-history":[{"count":1,"href":"https:\/\/notinor.com\/jujuy\/wp-json\/wp\/v2\/posts\/270699\/revisions"}],"predecessor-version":[{"id":270702,"href":"https:\/\/notinor.com\/jujuy\/wp-json\/wp\/v2\/posts\/270699\/revisions\/270702"}],"wp:featuredmedia":[{"embeddable":true,"href":"https:\/\/notinor.com\/jujuy\/wp-json\/wp\/v2\/media\/270701"}],"wp:attachment":[{"href":"https:\/\/notinor.com\/jujuy\/wp-json\/wp\/v2\/media?parent=270699"}],"wp:term":[{"taxonomy":"category","embeddable":true,"href":"https:\/\/notinor.com\/jujuy\/wp-json\/wp\/v2\/categories?post=270699"},{"taxonomy":"post_tag","embeddable":true,"href":"https:\/\/notinor.com\/jujuy\/wp-json\/wp\/v2\/tags?post=270699"}],"curies":[{"name":"wp","href":"https:\/\/api.w.org\/{rel}","templated":true}]}}