{"id":270695,"date":"2020-10-12T16:51:51","date_gmt":"2020-10-12T19:51:51","guid":{"rendered":"https:\/\/notinor.com\/jujuy\/?p=270695"},"modified":"2020-10-12T16:51:53","modified_gmt":"2020-10-12T19:51:53","slug":"capacitacion-a-operadores-e-informantes-de-turismo","status":"publish","type":"post","link":"https:\/\/notinor.com\/jujuy\/capacitacion-a-operadores-e-informantes-de-turismo\/","title":{"rendered":"Capacitaci\u00f3n a operadores e informantes de turismo"},"content":{"rendered":"\n<p>Personal de la direcci\u00f3n de Turismo, dependiente de la secretar\u00eda de Cultura y Turismo de la Municipalidad, en un trabajo conjunto con el Ministerio de Turismo de la Provincia de Jujuy, est\u00e1n brindando una serie de capacitaciones en el idioma ingl\u00e9s a operadores e informantes de turismo de distintas partes de la provincia.<\/p>\n\n\n\n<figure class=\"wp-block-image size-large\"><img decoding=\"async\" loading=\"lazy\" width=\"750\" height=\"421\" src=\"https:\/\/notinor.com\/jujuy\/wp-content\/uploads\/2020\/10\/taller-turismo.jpeg\" alt=\"\" class=\"wp-image-270696\" srcset=\"https:\/\/notinor.com\/jujuy\/wp-content\/uploads\/2020\/10\/taller-turismo.jpeg 750w, https:\/\/notinor.com\/jujuy\/wp-content\/uploads\/2020\/10\/taller-turismo-650x365.jpeg 650w, https:\/\/notinor.com\/jujuy\/wp-content\/uploads\/2020\/10\/taller-turismo-500x280.jpeg 500w\" sizes=\"(max-width: 750px) 100vw, 750px\" \/><\/figure>\n\n\n\n<p>M\u00e1s de 60 informantes y operadores de turismo de las localidades de Maimara, Humahuaca, La Quiaca, Ledesma, Palpal\u00e1, Caimancito y Calilegua, entre otros lugares de la provincia, son capacitados en el idioma ingl\u00e9s por personal de la direcci\u00f3n de Turismo de la Municipalidad de San Salvador de Jujuy en un programa conjunto con el Ministerio de Turismo de la Provincia de Jujuy.<\/p>\n\n\n\n<p>Las capacitaciones fueron divididas en dos niveles: Nivel inicial y Nivel avanzando; las clases, de una hora de duraci\u00f3n, se dictan los d\u00edas lunes, martes, mi\u00e9rcoles y jueves, por la plataforma zoom.<\/p>\n\n\n\n<p>Este programa de capacitaciones comenz\u00f3 a operar en el mes de septiembre y est\u00e1 previsto que se contin\u00fae impartiendo hasta la finalizaci\u00f3n del mes de diciembre, de cara a la Temporada Tur\u00edstica 2021.<\/p>\n","protected":false},"excerpt":{"rendered":"<p>Personal de la direcci\u00f3n de Turismo, dependiente de la secretar\u00eda de Cultura y Turismo de la Municipalidad, en un trabajo conjunto con el Ministerio de Turismo de la Provincia de Jujuy, est\u00e1n brindando una serie de capacitaciones en el idioma ingl\u00e9s a operadores e informantes de turismo de distintas partes de la provincia. M\u00e1s de [&hellip;]<\/p>\n","protected":false},"author":5,"featured_media":270696,"comment_status":"open","ping_status":"open","sticky":false,"template":"","format":"standard","meta":{"_stopmodifiedupdate":false,"_modified_date":"","inline_featured_image":false,"spay_email":"","jetpack_publicize_message":""},"categories":[514],"tags":[],"jetpack_featured_media_url":"https:\/\/notinor.com\/jujuy\/wp-content\/uploads\/2020\/10\/taller-turismo.jpeg","jetpack_publicize_connections":[],"_links":{"self":[{"href":"https:\/\/notinor.com\/jujuy\/wp-json\/wp\/v2\/posts\/270695"}],"collection":[{"href":"https:\/\/notinor.com\/jujuy\/wp-json\/wp\/v2\/posts"}],"about":[{"href":"https:\/\/notinor.com\/jujuy\/wp-json\/wp\/v2\/types\/post"}],"author":[{"embeddable":true,"href":"https:\/\/notinor.com\/jujuy\/wp-json\/wp\/v2\/users\/5"}],"replies":[{"embeddable":true,"href":"https:\/\/notinor.com\/jujuy\/wp-json\/wp\/v2\/comments?post=270695"}],"version-history":[{"count":1,"href":"https:\/\/notinor.com\/jujuy\/wp-json\/wp\/v2\/posts\/270695\/revisions"}],"predecessor-version":[{"id":270697,"href":"https:\/\/notinor.com\/jujuy\/wp-json\/wp\/v2\/posts\/270695\/revisions\/270697"}],"wp:featuredmedia":[{"embeddable":true,"href":"https:\/\/notinor.com\/jujuy\/wp-json\/wp\/v2\/media\/270696"}],"wp:attachment":[{"href":"https:\/\/notinor.com\/jujuy\/wp-json\/wp\/v2\/media?parent=270695"}],"wp:term":[{"taxonomy":"category","embeddable":true,"href":"https:\/\/notinor.com\/jujuy\/wp-json\/wp\/v2\/categories?post=270695"},{"taxonomy":"post_tag","embeddable":true,"href":"https:\/\/notinor.com\/jujuy\/wp-json\/wp\/v2\/tags?post=270695"}],"curies":[{"name":"wp","href":"https:\/\/api.w.org\/{rel}","templated":true}]}}