{"id":270659,"date":"2020-10-12T16:47:15","date_gmt":"2020-10-12T19:47:15","guid":{"rendered":"https:\/\/notinor.com\/jujuy\/?p=270659"},"modified":"2020-10-12T17:02:28","modified_gmt":"2020-10-12T20:02:28","slug":"urgente-alejandra-nahir-alvarez-murio-por-heridas-de-arma-blanca","status":"publish","type":"post","link":"https:\/\/notinor.com\/jujuy\/urgente-alejandra-nahir-alvarez-murio-por-heridas-de-arma-blanca\/","title":{"rendered":"URGENTE: Alejandra Nahir \u00c1lvarez muri\u00f3 por heridas de arma blanca"},"content":{"rendered":"\n<p>Se conocieron los detalles preliminares de la autopsia realizada esta ma\u00f1ana.<\/p>\n\n\n\n<figure class=\"wp-block-image size-large\"><img decoding=\"async\" loading=\"lazy\" width=\"840\" height=\"439\" src=\"https:\/\/notinor.com\/jujuy\/wp-content\/uploads\/2020\/10\/Alejandra-Nahir-Alvarez-1.jpg\" alt=\"\" class=\"wp-image-270660\" srcset=\"https:\/\/notinor.com\/jujuy\/wp-content\/uploads\/2020\/10\/Alejandra-Nahir-Alvarez-1.jpg 840w, https:\/\/notinor.com\/jujuy\/wp-content\/uploads\/2020\/10\/Alejandra-Nahir-Alvarez-1-660x345.jpg 660w, https:\/\/notinor.com\/jujuy\/wp-content\/uploads\/2020\/10\/Alejandra-Nahir-Alvarez-1-768x401.jpg 768w, https:\/\/notinor.com\/jujuy\/wp-content\/uploads\/2020\/10\/Alejandra-Nahir-Alvarez-1-750x392.jpg 750w\" sizes=\"(max-width: 840px) 100vw, 840px\" \/><\/figure>\n\n\n\n<p>Hoy en horas de la ma\u00f1ana se realiz\u00f3 la autopsia al cuerpo de Alejandra Nahir \u00c1lvarez (17), la joven asesinada el pasado fin de semana cuyo cuerpo fue encontrado en la tarde del s\u00e1bado a la vera de la colectora de Ruta Nacional N\u00b066, a la altura del Suri Rugby Club.<\/p>\n\n\n\n<p>Finalmente se conocieron los detalles del femicidio de la joven madre de un beb\u00e9, que arrojaron muerte por<strong> \u201cshock hipovol\u00e9mico por heridas de arma blanca en abdomen y t\u00f3rax\u201d.<\/strong><\/p>\n\n\n\n<p>Respecto a la data de muerte, el informe publicado por el Ministerio P\u00fablico de la Acusaci\u00f3n (MPA) determin\u00f3 que su fallecimiento fue<strong> la noche del viernes 9 de octubre, entre las 22 y 23 horas.<\/strong><\/p>\n\n\n\n<p>La autopsia fue realizada por el m\u00e9dico forense del Ministerio P\u00fablico de la Acusaci\u00f3n, Rodrigo Montes de Oca. La familia de la menor no propuso la participaci\u00f3n de un perito de parte, inform\u00f3 el MPA.<\/p>\n\n\n\n<p>El expediente se encuentra radicado en la Unidad Fiscal Especializada en Delitos Graves contra las Personas, Femicidios, a cargo del Dr. Diego Cussel. Se caratul\u00f3 el expediente como <strong>\u201cHomicidio triplemente calificado por la convivencia, por alevos\u00eda y por violencia de g\u00e9nero\u201d.<\/strong><\/p>\n\n\n\n<p>Cabe recordar que Rodrigo Villanueva (18) es el \u00fanico imputado por el crimen de Alejandra \u00c1lvarez. Ahora deber\u00e1 presentarse ante el fiscal para designar un abogado defensor y afrontar los cargos de este delito que tiene pena prevista y penada de prisi\u00f3n perpetua.<\/p>\n\n\n\n<p>Momentos antes de conocerse los resultados, el abuelo de la joven declar\u00f3: \"Estamos agradecidos por la gente que nos acompa\u00f1\u00f3 en las marchas, el velorio ser\u00e1 realizado en el CIC de Alto Comedero. Ten\u00eda un beb\u00e9 hermoso, era una chica bien dada con todo el mundo, este hombre que tanto dec\u00eda amarla y mir\u00e1 c\u00f3mo termin\u00f3 todo\".<\/p>\n","protected":false},"excerpt":{"rendered":"<p>Se conocieron los detalles preliminares de la autopsia realizada esta ma\u00f1ana. Hoy en horas de la ma\u00f1ana se realiz\u00f3 la autopsia al cuerpo de Alejandra Nahir \u00c1lvarez (17), la joven asesinada el pasado fin de semana cuyo cuerpo fue encontrado en la tarde del s\u00e1bado a la vera de la colectora de Ruta Nacional N\u00b066, [&hellip;]<\/p>\n","protected":false},"author":1,"featured_media":270660,"comment_status":"open","ping_status":"open","sticky":false,"template":"","format":"standard","meta":{"_stopmodifiedupdate":false,"_modified_date":"","inline_featured_image":false,"spay_email":"","jetpack_publicize_message":""},"categories":[2,3],"tags":[],"jetpack_featured_media_url":"https:\/\/notinor.com\/jujuy\/wp-content\/uploads\/2020\/10\/Alejandra-Nahir-Alvarez-1.jpg","jetpack_publicize_connections":[],"_links":{"self":[{"href":"https:\/\/notinor.com\/jujuy\/wp-json\/wp\/v2\/posts\/270659"}],"collection":[{"href":"https:\/\/notinor.com\/jujuy\/wp-json\/wp\/v2\/posts"}],"about":[{"href":"https:\/\/notinor.com\/jujuy\/wp-json\/wp\/v2\/types\/post"}],"author":[{"embeddable":true,"href":"https:\/\/notinor.com\/jujuy\/wp-json\/wp\/v2\/users\/1"}],"replies":[{"embeddable":true,"href":"https:\/\/notinor.com\/jujuy\/wp-json\/wp\/v2\/comments?post=270659"}],"version-history":[{"count":5,"href":"https:\/\/notinor.com\/jujuy\/wp-json\/wp\/v2\/posts\/270659\/revisions"}],"predecessor-version":[{"id":270700,"href":"https:\/\/notinor.com\/jujuy\/wp-json\/wp\/v2\/posts\/270659\/revisions\/270700"}],"wp:featuredmedia":[{"embeddable":true,"href":"https:\/\/notinor.com\/jujuy\/wp-json\/wp\/v2\/media\/270660"}],"wp:attachment":[{"href":"https:\/\/notinor.com\/jujuy\/wp-json\/wp\/v2\/media?parent=270659"}],"wp:term":[{"taxonomy":"category","embeddable":true,"href":"https:\/\/notinor.com\/jujuy\/wp-json\/wp\/v2\/categories?post=270659"},{"taxonomy":"post_tag","embeddable":true,"href":"https:\/\/notinor.com\/jujuy\/wp-json\/wp\/v2\/tags?post=270659"}],"curies":[{"name":"wp","href":"https:\/\/api.w.org\/{rel}","templated":true}]}}