{"id":270578,"date":"2020-10-12T10:48:32","date_gmt":"2020-10-12T13:48:32","guid":{"rendered":"https:\/\/notinor.com\/jujuy\/?p=270578"},"modified":"2020-10-12T10:48:37","modified_gmt":"2020-10-12T13:48:37","slug":"primera-experiencia-del-patio-de-emprendedores-sostenibles","status":"publish","type":"post","link":"https:\/\/notinor.com\/jujuy\/primera-experiencia-del-patio-de-emprendedores-sostenibles\/","title":{"rendered":"Primera experiencia del Patio de Emprendedores Sostenibles"},"content":{"rendered":"\n<p>Tal como estaba previsto, se llev\u00f3 a cabo la primera jornada programada con motivo de las v\u00edsperas del D\u00eda de la Madre, brindando a emprendedores y p\u00fablico en general un espacio comercial seguro y ameno con distintas propuestas.<\/p>\n\n\n\n<figure class=\"wp-block-image size-large\"><img decoding=\"async\" loading=\"lazy\" width=\"721\" height=\"480\" src=\"https:\/\/notinor.com\/jujuy\/wp-content\/uploads\/2020\/10\/emprendedores-721x480.jpeg\" alt=\"\" class=\"wp-image-270579\" srcset=\"https:\/\/notinor.com\/jujuy\/wp-content\/uploads\/2020\/10\/emprendedores-721x480.jpeg 721w, https:\/\/notinor.com\/jujuy\/wp-content\/uploads\/2020\/10\/emprendedores-549x365.jpeg 549w, https:\/\/notinor.com\/jujuy\/wp-content\/uploads\/2020\/10\/emprendedores.jpeg 750w\" sizes=\"(max-width: 721px) 100vw, 721px\" \/><\/figure>\n\n\n\n<p>El secretario de Planificaci\u00f3n, Desarrollo y Modernizaci\u00f3n, Luciano C\u00f3rdoba, destac\u00f3 los objetivos de la realizaci\u00f3n de esta primera experiencia en un contexto de reapertura de actividades conforme se va flexibilizando la cuarentena, \u201cla idea es poder contener mediante un espacio de comercializaci\u00f3n a artesanos y emprendedores creativos de la ciudad, para que exhiban y ofrezcan sus productos y creaciones. Como primer experiencia hemos programado este \u201cPatio de Emprendedores Sostenibles\u201d para este s\u00e1bado, y el siguiente por ser v\u00edspera del D\u00eda de la Madre, de 16 a 20 horas\u201d.<\/p>\n\n\n\n<p>Este espacio promueve la creatividad, artesan\u00edas, emprendimientos creativos que puedan ofrecer a los vecinos con una oferta diversa y una nueva opci\u00f3n dentro de la ciudad, siendo un paseo al aire libre, con todos los protocolos de bioseguridad.<\/p>\n\n\n\n<p>Por su parte, la directora de Cultura, Alejandra Guti\u00e9rrez, manifest\u00f3 el benepl\u00e1cito por la utilizaci\u00f3n de los espacios culturales para la promoci\u00f3n de la creatividad de los emprendedores, \u201cestamos muy contentos de poder ofrecer desde el Centro Cultural \u00c9xodo Juje\u00f1o una posibilidad a los emprendedores, que en muchos casos necesitan trabajar o tener una fuente de ingresos. Los esperamos tambi\u00e9n el s\u00e1bado que viene, para que puedan realizar compras por el D\u00eda de la Madre\u201d.<\/p>\n\n\n\n<p>Cabe destacar que est\u00e1 en vista la ampliaci\u00f3n del espacio, por lo que los interesados pueden solicitar informaci\u00f3n e inscribirse en el \u00e1rea de Desarrollo y Emprendedores que funciona en el Centro Cultural \u00c9xodo Juje\u00f1o, de lunes a viernes de 8 a 13 horas.<\/p>\n","protected":false},"excerpt":{"rendered":"<p>Tal como estaba previsto, se llev\u00f3 a cabo la primera jornada programada con motivo de las v\u00edsperas del D\u00eda de la Madre, brindando a emprendedores y p\u00fablico en general un espacio comercial seguro y ameno con distintas propuestas. El secretario de Planificaci\u00f3n, Desarrollo y Modernizaci\u00f3n, Luciano C\u00f3rdoba, destac\u00f3 los objetivos de la realizaci\u00f3n de esta [&hellip;]<\/p>\n","protected":false},"author":5,"featured_media":270579,"comment_status":"open","ping_status":"open","sticky":false,"template":"","format":"standard","meta":{"_stopmodifiedupdate":false,"_modified_date":"","inline_featured_image":false,"spay_email":"","jetpack_publicize_message":""},"categories":[514],"tags":[],"jetpack_featured_media_url":"https:\/\/notinor.com\/jujuy\/wp-content\/uploads\/2020\/10\/emprendedores.jpeg","jetpack_publicize_connections":[],"_links":{"self":[{"href":"https:\/\/notinor.com\/jujuy\/wp-json\/wp\/v2\/posts\/270578"}],"collection":[{"href":"https:\/\/notinor.com\/jujuy\/wp-json\/wp\/v2\/posts"}],"about":[{"href":"https:\/\/notinor.com\/jujuy\/wp-json\/wp\/v2\/types\/post"}],"author":[{"embeddable":true,"href":"https:\/\/notinor.com\/jujuy\/wp-json\/wp\/v2\/users\/5"}],"replies":[{"embeddable":true,"href":"https:\/\/notinor.com\/jujuy\/wp-json\/wp\/v2\/comments?post=270578"}],"version-history":[{"count":1,"href":"https:\/\/notinor.com\/jujuy\/wp-json\/wp\/v2\/posts\/270578\/revisions"}],"predecessor-version":[{"id":270580,"href":"https:\/\/notinor.com\/jujuy\/wp-json\/wp\/v2\/posts\/270578\/revisions\/270580"}],"wp:featuredmedia":[{"embeddable":true,"href":"https:\/\/notinor.com\/jujuy\/wp-json\/wp\/v2\/media\/270579"}],"wp:attachment":[{"href":"https:\/\/notinor.com\/jujuy\/wp-json\/wp\/v2\/media?parent=270578"}],"wp:term":[{"taxonomy":"category","embeddable":true,"href":"https:\/\/notinor.com\/jujuy\/wp-json\/wp\/v2\/categories?post=270578"},{"taxonomy":"post_tag","embeddable":true,"href":"https:\/\/notinor.com\/jujuy\/wp-json\/wp\/v2\/tags?post=270578"}],"curies":[{"name":"wp","href":"https:\/\/api.w.org\/{rel}","templated":true}]}}