{"id":270571,"date":"2020-10-12T10:28:42","date_gmt":"2020-10-12T13:28:42","guid":{"rendered":"https:\/\/notinor.com\/jujuy\/?p=270571"},"modified":"2020-10-12T10:28:47","modified_gmt":"2020-10-12T13:28:47","slug":"respeto-a-la-diversidad-cultural-en-jujuy-habra-actividades-toda-la-semana","status":"publish","type":"post","link":"https:\/\/notinor.com\/jujuy\/respeto-a-la-diversidad-cultural-en-jujuy-habra-actividades-toda-la-semana\/","title":{"rendered":"Respeto a la Diversidad Cultural: en Jujuy habr\u00e1 actividades toda la semana"},"content":{"rendered":"\n<p class=\"has-text-align-justify\">Desde hoy lunes hasta el viernes inclusive habr\u00e1 distintas propuestas para la sociedad en general.<\/p>\n\n\n\n<figure class=\"wp-block-image size-large\"><img decoding=\"async\" loading=\"lazy\" width=\"840\" height=\"472\" src=\"https:\/\/notinor.com\/jujuy\/wp-content\/uploads\/2020\/10\/0023281509-840x472.jpg\" alt=\"\" class=\"wp-image-270572\" srcset=\"https:\/\/notinor.com\/jujuy\/wp-content\/uploads\/2020\/10\/0023281509-840x472.jpg 840w, https:\/\/notinor.com\/jujuy\/wp-content\/uploads\/2020\/10\/0023281509-650x365.jpg 650w, https:\/\/notinor.com\/jujuy\/wp-content\/uploads\/2020\/10\/0023281509-500x280.jpg 500w, https:\/\/notinor.com\/jujuy\/wp-content\/uploads\/2020\/10\/0023281509-768x431.jpg 768w, https:\/\/notinor.com\/jujuy\/wp-content\/uploads\/2020\/10\/0023281509-750x421.jpg 750w, https:\/\/notinor.com\/jujuy\/wp-content\/uploads\/2020\/10\/0023281509.jpg 1140w\" sizes=\"(max-width: 840px) 100vw, 840px\" \/><\/figure>\n\n\n\n<p class=\"has-text-align-justify\">En el marco de la Semana del Respeto a la Diversidad Cultural que inicia hoy, 12 de octubre, la Secretar\u00eda de Pueblos Ind\u00edgenas organiza diversas actividades de concientizaci\u00f3n y promoci\u00f3n de los derechos ind\u00edgenas que ser\u00e1n difundidas a trav\u00e9s de sus redes sociales para la participaci\u00f3n de la comunidad en general.<\/p>\n\n\n\n<h2>Lunes 12<\/h2>\n\n\n\n<p class=\"has-text-align-justify\">Se realizar\u00e1 la presentaci\u00f3n virtual de la tercera edici\u00f3n del Compendio de Derecho Ind\u00edgena, una publicaci\u00f3n que compila el marco jur\u00eddico internacional, nacional y provincial que garantiza y promueve el derecho de las comunidades de Pueblos Ind\u00edgenas. El compendio estar\u00e1 disponible para su descarga virtual en la web www.spi.jujuy.gob.ar.<\/p>\n\n\n\n<h2>Martes 13<\/h2>\n\n\n\n<p class=\"has-text-align-justify\">A las 11 horas, por el canal de Facebook de la Secretar\u00eda de Pueblos Ind\u00edgenas, tendr\u00e1 lugar el Conversatorio \u201cMirada intercultural: Reflexiones y Propuestas de L\u00edderes y Lideresas Ind\u00edgenas\u201d, donde se abordar\u00e1 las tem\u00e1ticas de cambio clim\u00e1tico con perspectiva de g\u00e9nero y el proyecto de Ley de Propiedad Comunitaria Ind\u00edgena, entre otras.<\/p>\n\n\n\n<h2>Mi\u00e9rcoles 14<\/h2>\n\n\n\n<p class=\"has-text-align-justify\">La secretaria de Pueblos Ind\u00edgenas, Dra. Carolina P\u00e9rez, har\u00e1 entrega del Compendio de Derecho Ind\u00edgena en formato f\u00edsico a autoridades provinciales del Poder Judicial.<\/p>\n\n\n\n<figure class=\"wp-block-image size-large\"><img decoding=\"async\" loading=\"lazy\" width=\"640\" height=\"480\" src=\"https:\/\/notinor.com\/jujuy\/wp-content\/uploads\/2020\/10\/FB_IMG_1602508905249-640x480.jpg\" alt=\"\" class=\"wp-image-270573\" srcset=\"https:\/\/notinor.com\/jujuy\/wp-content\/uploads\/2020\/10\/FB_IMG_1602508905249-640x480.jpg 640w, https:\/\/notinor.com\/jujuy\/wp-content\/uploads\/2020\/10\/FB_IMG_1602508905249-487x365.jpg 487w, https:\/\/notinor.com\/jujuy\/wp-content\/uploads\/2020\/10\/FB_IMG_1602508905249.jpg 720w\" sizes=\"(max-width: 640px) 100vw, 640px\" \/><\/figure>\n\n\n\n<h2>Jueves 15<\/h2>\n\n\n\n<p class=\"has-text-align-justify\">Desde las 10 horas, desde la Direcci\u00f3n de Promoci\u00f3n y Aplicaci\u00f3n de los Derechos Ind\u00edgenas, se dictar\u00e1 por la plataforma Zoom, el Seminario virtual \u201cDerechos Colectivos de los Pueblos Ind\u00edgenas\u201d destinado exclusivamente a asesores y asesoras legales de organismos del Poder Ejecutivo de la Provincia de Jujuy; con la invitaci\u00f3n especial de disertantes del Instituto Nacional de Asuntos Ind\u00edgenas.<\/p>\n\n\n\n<h2>Viernes 16<\/h2>\n\n\n\n<p>Mediante una transmisi\u00f3n en vivo por redes sociales, se realizar\u00e1 la presentaci\u00f3n de un Mapa actualizado de los Pueblos Ind\u00edgenas que habitan en el territorio juje\u00f1o.<\/p>\n\n\n\n<p class=\"has-text-align-justify\">Por \u00faltimo, la secretaria Carolina P\u00e9rez, remarc\u00f3 que estas actividades participativas buscan promover el respeto a la diversidad cultural de la provincia mediante la reflexi\u00f3n y concientizaci\u00f3n de la situaci\u00f3n actual de los pueblos ind\u00edgenas de Jujuy y de la lucha por sus derechos luego de siglos de resistencia. \u201cTanto las lenguas ind\u00edgenas como la cultura y sabidur\u00eda de las comunidades forman parte del patrimonio intangible de Jujuy que todos y todas debemos respetar y cuidar\u201d.<\/p>\n","protected":false},"excerpt":{"rendered":"<p>Desde hoy lunes hasta el viernes inclusive habr\u00e1 distintas propuestas para la sociedad en general. En el marco de la Semana del Respeto a la Diversidad Cultural que inicia hoy, 12 de octubre, la Secretar\u00eda de Pueblos Ind\u00edgenas organiza diversas actividades de concientizaci\u00f3n y promoci\u00f3n de los derechos ind\u00edgenas que ser\u00e1n difundidas a trav\u00e9s de [&hellip;]<\/p>\n","protected":false},"author":37,"featured_media":270572,"comment_status":"open","ping_status":"open","sticky":false,"template":"","format":"standard","meta":{"_stopmodifiedupdate":false,"_modified_date":"","inline_featured_image":false,"spay_email":"","jetpack_publicize_message":""},"categories":[13],"tags":[],"jetpack_featured_media_url":"https:\/\/notinor.com\/jujuy\/wp-content\/uploads\/2020\/10\/0023281509.jpg","jetpack_publicize_connections":[],"_links":{"self":[{"href":"https:\/\/notinor.com\/jujuy\/wp-json\/wp\/v2\/posts\/270571"}],"collection":[{"href":"https:\/\/notinor.com\/jujuy\/wp-json\/wp\/v2\/posts"}],"about":[{"href":"https:\/\/notinor.com\/jujuy\/wp-json\/wp\/v2\/types\/post"}],"author":[{"embeddable":true,"href":"https:\/\/notinor.com\/jujuy\/wp-json\/wp\/v2\/users\/37"}],"replies":[{"embeddable":true,"href":"https:\/\/notinor.com\/jujuy\/wp-json\/wp\/v2\/comments?post=270571"}],"version-history":[{"count":1,"href":"https:\/\/notinor.com\/jujuy\/wp-json\/wp\/v2\/posts\/270571\/revisions"}],"predecessor-version":[{"id":270574,"href":"https:\/\/notinor.com\/jujuy\/wp-json\/wp\/v2\/posts\/270571\/revisions\/270574"}],"wp:featuredmedia":[{"embeddable":true,"href":"https:\/\/notinor.com\/jujuy\/wp-json\/wp\/v2\/media\/270572"}],"wp:attachment":[{"href":"https:\/\/notinor.com\/jujuy\/wp-json\/wp\/v2\/media?parent=270571"}],"wp:term":[{"taxonomy":"category","embeddable":true,"href":"https:\/\/notinor.com\/jujuy\/wp-json\/wp\/v2\/categories?post=270571"},{"taxonomy":"post_tag","embeddable":true,"href":"https:\/\/notinor.com\/jujuy\/wp-json\/wp\/v2\/tags?post=270571"}],"curies":[{"name":"wp","href":"https:\/\/api.w.org\/{rel}","templated":true}]}}