{"id":270568,"date":"2020-10-12T10:17:57","date_gmt":"2020-10-12T13:17:57","guid":{"rendered":"https:\/\/notinor.com\/jujuy\/?p=270568"},"modified":"2020-10-12T10:18:02","modified_gmt":"2020-10-12T13:18:02","slug":"dia-del-respeto-a-la-diversidad-cultural-el-nombre-del-feriado-del-12-de-octubre-que-ya-lleva-una-decada","status":"publish","type":"post","link":"https:\/\/notinor.com\/jujuy\/dia-del-respeto-a-la-diversidad-cultural-el-nombre-del-feriado-del-12-de-octubre-que-ya-lleva-una-decada\/","title":{"rendered":"D\u00eda del Respeto a la Diversidad Cultural: el nombre del feriado del 12 de octubre que ya lleva una d\u00e9cada"},"content":{"rendered":"\n<p>Una fecha para abandonar los conceptos racistas frente a las etnias minoritarias<\/p>\n\n\n\n<figure class=\"wp-block-image size-large\"><img decoding=\"async\" loading=\"lazy\" width=\"720\" height=\"480\" src=\"https:\/\/notinor.com\/jujuy\/wp-content\/uploads\/2020\/10\/2690136w768-720x480.jpg\" alt=\"\" class=\"wp-image-270569\" srcset=\"https:\/\/notinor.com\/jujuy\/wp-content\/uploads\/2020\/10\/2690136w768-720x480.jpg 720w, https:\/\/notinor.com\/jujuy\/wp-content\/uploads\/2020\/10\/2690136w768-548x365.jpg 548w, https:\/\/notinor.com\/jujuy\/wp-content\/uploads\/2020\/10\/2690136w768-750x500.jpg 750w, https:\/\/notinor.com\/jujuy\/wp-content\/uploads\/2020\/10\/2690136w768.jpg 768w\" sizes=\"(max-width: 720px) 100vw, 720px\" \/><\/figure>\n\n\n\n<p class=\"has-text-align-justify\">Hoy\u00a0<strong>12 de octubre\u00a0<\/strong>se celebra el\u00a0<strong>D\u00eda del Respeto a la Diversidad Cultural\u00a0<\/strong>y, desde hace una d\u00e9cada, se estableci\u00f3 que la fecha sea un espacio para remarcar el valor diversidad \u00e9tnica y cultural de los pueblos.<\/p>\n\n\n\n<p class=\"has-text-align-justify\">Si bien el origen de lo que antes se conoc\u00eda como D\u00eda de la Raza se remonta a la llegada de los espa\u00f1oles al continente americano, actualmente el significado de la fecha est\u00e1 m\u00e1s vinculado a las ra\u00edces de los habitantes, latinoamericanos y de todo el mundo, y al&nbsp;<strong>respeto por su cultura y sus formas de ver el mundo&nbsp;<\/strong>.<\/p>\n\n\n\n<p class=\"has-text-align-justify\">El cambio de nombre se produjo a trav\u00e9s del&nbsp;<strong>decreto presidencial&nbsp;<\/strong>1584\/2010. \"Se modifica la denominaci\u00f3n del feriado del d\u00eda 12 de octubre, dotando a dicha fecha, de un significado acorde al valor que asigna nuestra Constituci\u00f3n Nacional y diversos tratados y declaraciones de derechos humanos a la diversidad \u00e9tnica y cultural de todos los pueblos\", cita el escrito sobre el feriado de octubre.<\/p>\n\n\n\n<p class=\"has-text-align-justify\">La jornada invita a reflexionar sobre la necesidad de\u00a0<strong>dejar atr\u00e1s el racismo, los estereotipos de discriminaci\u00f3n hacia las etnias\u00a0<\/strong>o grupos minoritarios o la supremac\u00eda de unas naciones sobre otras.<\/p>\n\n\n\n<p class=\"has-text-align-justify\">El D\u00eda del Respeto al Diversidad Cultural implica un proceso de concientizaci\u00f3n y un llamado al&nbsp;<strong>di\u00e1logo entre las diversas culturas&nbsp;<\/strong>que existen en todo el planeta. Tambi\u00e9n es una invitaci\u00f3n a valorar los significados y creencias de los grupos y a despojarse del etnocentrismo cultural desde el que se suele observar a otra sociedad.<\/p>\n\n\n\n<p class=\"has-text-align-justify\">En esta jornada se busca remarcar el bienestar de las culturas y los&nbsp;<strong>derechos de los pueblos&nbsp;<\/strong>, abandonando el concepto de razas que fue tan utilizado hasta 2010.<\/p>\n","protected":false},"excerpt":{"rendered":"<p>Una fecha para abandonar los conceptos racistas frente a las etnias minoritarias Hoy\u00a012 de octubre\u00a0se celebra el\u00a0D\u00eda del Respeto a la Diversidad Cultural\u00a0y, desde hace una d\u00e9cada, se estableci\u00f3 que la fecha sea un espacio para remarcar el valor diversidad \u00e9tnica y cultural de los pueblos. Si bien el origen de lo que antes se [&hellip;]<\/p>\n","protected":false},"author":37,"featured_media":270569,"comment_status":"open","ping_status":"open","sticky":false,"template":"","format":"standard","meta":{"_stopmodifiedupdate":false,"_modified_date":"","inline_featured_image":false,"spay_email":"","jetpack_publicize_message":""},"categories":[13],"tags":[],"jetpack_featured_media_url":"https:\/\/notinor.com\/jujuy\/wp-content\/uploads\/2020\/10\/2690136w768.jpg","jetpack_publicize_connections":[],"_links":{"self":[{"href":"https:\/\/notinor.com\/jujuy\/wp-json\/wp\/v2\/posts\/270568"}],"collection":[{"href":"https:\/\/notinor.com\/jujuy\/wp-json\/wp\/v2\/posts"}],"about":[{"href":"https:\/\/notinor.com\/jujuy\/wp-json\/wp\/v2\/types\/post"}],"author":[{"embeddable":true,"href":"https:\/\/notinor.com\/jujuy\/wp-json\/wp\/v2\/users\/37"}],"replies":[{"embeddable":true,"href":"https:\/\/notinor.com\/jujuy\/wp-json\/wp\/v2\/comments?post=270568"}],"version-history":[{"count":1,"href":"https:\/\/notinor.com\/jujuy\/wp-json\/wp\/v2\/posts\/270568\/revisions"}],"predecessor-version":[{"id":270570,"href":"https:\/\/notinor.com\/jujuy\/wp-json\/wp\/v2\/posts\/270568\/revisions\/270570"}],"wp:featuredmedia":[{"embeddable":true,"href":"https:\/\/notinor.com\/jujuy\/wp-json\/wp\/v2\/media\/270569"}],"wp:attachment":[{"href":"https:\/\/notinor.com\/jujuy\/wp-json\/wp\/v2\/media?parent=270568"}],"wp:term":[{"taxonomy":"category","embeddable":true,"href":"https:\/\/notinor.com\/jujuy\/wp-json\/wp\/v2\/categories?post=270568"},{"taxonomy":"post_tag","embeddable":true,"href":"https:\/\/notinor.com\/jujuy\/wp-json\/wp\/v2\/tags?post=270568"}],"curies":[{"name":"wp","href":"https:\/\/api.w.org\/{rel}","templated":true}]}}