{"id":270566,"date":"2020-10-12T10:07:45","date_gmt":"2020-10-12T13:07:45","guid":{"rendered":"https:\/\/notinor.com\/jujuy\/?p=270566"},"modified":"2020-10-12T10:07:50","modified_gmt":"2020-10-12T13:07:50","slug":"la-madre-de-iara-rueda-acompano-a-la-familia-alvarez-en-el-pedido-de-justicia","status":"publish","type":"post","link":"https:\/\/notinor.com\/jujuy\/la-madre-de-iara-rueda-acompano-a-la-familia-alvarez-en-el-pedido-de-justicia\/","title":{"rendered":"La madre de Iara Rueda acompa\u00f1\u00f3 a la familia \u00c1lvarez en el pedido de justicia"},"content":{"rendered":"\n<p class=\"has-text-align-justify\">El dolor de haber perdido una hija uni\u00f3 a las familias, que exigen justicia no solo por Iara y Alejandra, sino por los cinco femicidios que sacudieron a la provincia de Jujuy en menos de 35 d\u00edas y por todas las v\u00edctimas de violencia de genero.<\/p>\n\n\n\n<figure class=\"wp-block-image size-large\"><img decoding=\"async\" loading=\"lazy\" width=\"719\" height=\"480\" src=\"https:\/\/notinor.com\/jujuy\/wp-content\/uploads\/2020\/10\/FB_IMG_1602505442554.jpg\" alt=\"\" class=\"wp-image-270565\" srcset=\"https:\/\/notinor.com\/jujuy\/wp-content\/uploads\/2020\/10\/FB_IMG_1602505442554.jpg 719w, https:\/\/notinor.com\/jujuy\/wp-content\/uploads\/2020\/10\/FB_IMG_1602505442554-547x365.jpg 547w\" sizes=\"(max-width: 719px) 100vw, 719px\" \/><\/figure>\n\n\n\n<p class=\"has-text-align-justify\">Del ocho de septiembre hasta el diez de octubre, se registraron&nbsp;<strong>cinco femicidios<\/strong>&nbsp;en la provincia de Jujuy.&nbsp;<strong>Cesia Nicole Reinaga, Iara Sabrina Rueda, Roxana Mazala, Gabriela Abigail Cruz y Alejandra Nahir \u00c1lvarez<\/strong>&nbsp;\u2013 quien apareci\u00f3 sin vida este s\u00e1bado -.<\/p>\n\n\n\n<p class=\"has-text-align-justify\">La adolescente de 17 a\u00f1os sali\u00f3 el viernes por la noche de su domicilio en las 370 viviendas hacia una plaza cercana a buscar a sus hermanos y jam\u00e1s regres\u00f3. El s\u00e1bado por la tarde, a trav\u00e9s del llamado telef\u00f3nico de un motociclista, la polic\u00eda tom\u00f3 conocimiento del hallazgo de un cuerpo sin vida a pocos metros de la colectora de la Ruta Nacional N\u00b066, con el correr de las horas la familia \u00c1lvarez confirm\u00f3 que se trataba de \u00abAle\u00bb, como ellos la llamaban.<\/p>\n\n\n\n<p class=\"has-text-align-justify\">La sociedad juje\u00f1a, sacudida por los femicidios, se convoc\u00f3 este domingo en la Plaza Manuel Belgrano para pedir justicia. Miles de personas marcharon bajo la consigna \u00ab<em>Ni una Menos<\/em>\u00bb recorriendo las principales calles del casco c\u00e9ntrico, recordando cada uno de los nombres de las v\u00edctimas de violencia de g\u00e9nero.<\/p>\n\n\n\n<p class=\"has-text-align-justify\"><strong>La madre de Iara Sabrina Rueda se present\u00f3 para acompa\u00f1ar el pedido de justicia de la familia \u00c1lvarez, entendiendo y compartiendo el dolor de haber sufrido la p\u00e9rdida de una hija. La mujer tambi\u00e9n march\u00f3 por Gabriela Abigail Cruz en la ciudad de Palpal\u00e1, un d\u00eda despu\u00e9s de haber conocido la triste noticia de la muerte de su peque\u00f1a. <\/strong><\/p>\n\n\n\n<p class=\"has-text-align-justify\">Cabe recordar que por el femicidio de Iara Sabrina Rueda (16), ocurrido en la ciudad de Palpal\u00e1, la primera l\u00ednea investigativa del crimen apunta a un hecho de finalidad sexual. Hay dos detenidos y no se descarta el pedido de captura de otra persona que podr\u00eda tambi\u00e9n estar involucrada en el hecho.<\/p>\n\n\n\n<p class=\"has-text-align-justify\">El fiscal a cargo de la investigaci\u00f3n penal, Diego Cussel,  no descart\u00f3 que la v\u00edctima conocer\u00eda por lo menos a uno de los imputados. Cabe recordar que despu\u00e9s de conocerse el hallazgo del cuerpo de la joven en un descampado del barrio 2 de Abril, los se\u00f1alados como presuntos autores del crimen son Arnaldo \"Nano\" Cachizumba y Mauricio \"Gordo\" Abad.<\/p>\n\n\n\n<p class=\"has-text-align-justify\">Los abogados querellantes representantes de la familia Rueda, Juli\u00e1n Mart\u00edn y Agustina Reyna, adem\u00e1s presentaron elementos probatorios para que se investigue a una mujer, que habr\u00eda mantenido contacto a trav\u00e9s del sistema de mensajes de una red social con la adolescente, antes que saliera de su casa.<\/p>\n","protected":false},"excerpt":{"rendered":"<p>El dolor de haber perdido una hija uni\u00f3 a las familias, que exigen justicia no solo por Iara y Alejandra, sino por los cinco femicidios que sacudieron a la provincia de Jujuy en menos de 35 d\u00edas y por todas las v\u00edctimas de violencia de genero. Del ocho de septiembre hasta el diez de octubre, [&hellip;]<\/p>\n","protected":false},"author":37,"featured_media":270565,"comment_status":"open","ping_status":"open","sticky":false,"template":"","format":"standard","meta":{"_stopmodifiedupdate":false,"_modified_date":"","inline_featured_image":false,"spay_email":"","jetpack_publicize_message":""},"categories":[2],"tags":[],"jetpack_featured_media_url":"https:\/\/notinor.com\/jujuy\/wp-content\/uploads\/2020\/10\/FB_IMG_1602505442554.jpg","jetpack_publicize_connections":[],"_links":{"self":[{"href":"https:\/\/notinor.com\/jujuy\/wp-json\/wp\/v2\/posts\/270566"}],"collection":[{"href":"https:\/\/notinor.com\/jujuy\/wp-json\/wp\/v2\/posts"}],"about":[{"href":"https:\/\/notinor.com\/jujuy\/wp-json\/wp\/v2\/types\/post"}],"author":[{"embeddable":true,"href":"https:\/\/notinor.com\/jujuy\/wp-json\/wp\/v2\/users\/37"}],"replies":[{"embeddable":true,"href":"https:\/\/notinor.com\/jujuy\/wp-json\/wp\/v2\/comments?post=270566"}],"version-history":[{"count":1,"href":"https:\/\/notinor.com\/jujuy\/wp-json\/wp\/v2\/posts\/270566\/revisions"}],"predecessor-version":[{"id":270567,"href":"https:\/\/notinor.com\/jujuy\/wp-json\/wp\/v2\/posts\/270566\/revisions\/270567"}],"wp:featuredmedia":[{"embeddable":true,"href":"https:\/\/notinor.com\/jujuy\/wp-json\/wp\/v2\/media\/270565"}],"wp:attachment":[{"href":"https:\/\/notinor.com\/jujuy\/wp-json\/wp\/v2\/media?parent=270566"}],"wp:term":[{"taxonomy":"category","embeddable":true,"href":"https:\/\/notinor.com\/jujuy\/wp-json\/wp\/v2\/categories?post=270566"},{"taxonomy":"post_tag","embeddable":true,"href":"https:\/\/notinor.com\/jujuy\/wp-json\/wp\/v2\/tags?post=270566"}],"curies":[{"name":"wp","href":"https:\/\/api.w.org\/{rel}","templated":true}]}}