{"id":270559,"date":"2020-10-12T09:35:27","date_gmt":"2020-10-12T12:35:27","guid":{"rendered":"https:\/\/notinor.com\/jujuy\/?p=270559"},"modified":"2020-10-12T09:35:32","modified_gmt":"2020-10-12T12:35:32","slug":"una-cuadrilla-hara-cuatro-horas-de-caminata-para-combatir-el-frente-directo-del-incendio-en-el-parque-nacional-calilegua","status":"publish","type":"post","link":"https:\/\/notinor.com\/jujuy\/una-cuadrilla-hara-cuatro-horas-de-caminata-para-combatir-el-frente-directo-del-incendio-en-el-parque-nacional-calilegua\/","title":{"rendered":"Una cuadrilla har\u00e1 cuatro horas de caminata para combatir el frente directo del incendio en el Parque Nacional Calilegua"},"content":{"rendered":"\n<p class=\"has-text-align-justify\">30 combatientes de incendios forestales tratar\u00e1n de cesar el fuego iniciado el pasado 18 septiembre y que ya afect\u00f3 a un tercio del \u00e1rea protegida.<\/p>\n\n\n\n<figure class=\"wp-block-image size-large\"><img decoding=\"async\" loading=\"lazy\" width=\"640\" height=\"480\" src=\"https:\/\/notinor.com\/jujuy\/wp-content\/uploads\/2020\/10\/WhatsApp-Image-2020-10-11-at-19.18.20-1024x768-1-640x480.jpeg\" alt=\"\" class=\"wp-image-270560\" srcset=\"https:\/\/notinor.com\/jujuy\/wp-content\/uploads\/2020\/10\/WhatsApp-Image-2020-10-11-at-19.18.20-1024x768-1-640x480.jpeg 640w, https:\/\/notinor.com\/jujuy\/wp-content\/uploads\/2020\/10\/WhatsApp-Image-2020-10-11-at-19.18.20-1024x768-1-487x365.jpeg 487w, https:\/\/notinor.com\/jujuy\/wp-content\/uploads\/2020\/10\/WhatsApp-Image-2020-10-11-at-19.18.20-1024x768-1-768x576.jpeg 768w, https:\/\/notinor.com\/jujuy\/wp-content\/uploads\/2020\/10\/WhatsApp-Image-2020-10-11-at-19.18.20-1024x768-1-750x563.jpeg 750w, https:\/\/notinor.com\/jujuy\/wp-content\/uploads\/2020\/10\/WhatsApp-Image-2020-10-11-at-19.18.20-1024x768-1.jpeg 1024w\" sizes=\"(max-width: 640px) 100vw, 640px\" \/><\/figure>\n\n\n\n<p class=\"has-text-align-justify\">El Ministerio de Ambiente de Jujuy instalar\u00e1 un campamento de campa\u00f1a en el coraz\u00f3n mismo del incendio provocado en el Parque Nacional Calilegua, con el prop\u00f3sito de combatir directamente el frente del fuego y tratar as\u00ed de sofocarlo. Se apostar\u00e1 all\u00ed despu\u00e9s de aproximadamente cuatro horas de caminata, una cuadrilla de 30 combatientes de incendios forestales de la propia cartera ambiental del Gobierno local. Simult\u00e1neamente se garantizar\u00e1 el servicio en las localidades que est\u00e1n siendo mayormente afectadas por focos de calor, as\u00ed como en toda la provincia.<\/p>\n\n\n\n<p class=\"has-text-align-justify\">Luego de varios intentos para contener el avance del incendio \u201cLa uni\u00f3n\u201d, iniciado el pasado 18 de septiembre en una zona cercana al Parque Nacional Calilegua, que ya lleva afectada una superficie total de 1597 has, de las cuales 615 corresponden al \u00e1rea protegida, la Direcci\u00f3n de Incendios Forestales del Ministerio de Ambiente de Jujuy montar\u00e1 un campamento fijo para atacar \u201cla cabeza\u201d del incendio que estos d\u00edas avanz\u00f3 incontrolablemente debido a los fuertes vientos y las altas temperaturas.<\/p>\n\n\n\n<figure class=\"wp-block-image size-large\"><img decoding=\"async\" loading=\"lazy\" width=\"768\" height=\"358\" src=\"https:\/\/notinor.com\/jujuy\/wp-content\/uploads\/2020\/10\/WhatsApp-Image-2020-10-11-at-19.48.35-768x358-1.jpeg\" alt=\"\" class=\"wp-image-270561\" srcset=\"https:\/\/notinor.com\/jujuy\/wp-content\/uploads\/2020\/10\/WhatsApp-Image-2020-10-11-at-19.48.35-768x358-1.jpeg 768w, https:\/\/notinor.com\/jujuy\/wp-content\/uploads\/2020\/10\/WhatsApp-Image-2020-10-11-at-19.48.35-768x358-1-660x308.jpeg 660w, https:\/\/notinor.com\/jujuy\/wp-content\/uploads\/2020\/10\/WhatsApp-Image-2020-10-11-at-19.48.35-768x358-1-750x350.jpeg 750w\" sizes=\"(max-width: 768px) 100vw, 768px\" \/><\/figure>\n\n\n\n<p class=\"has-text-align-justify\">Los operativos son llevados adelante hasta el momento, de manera conjunta, por los equipos profesionales del Ministerio de Ambiente de Jujuy y de la Administraci\u00f3n de Parques Nacionales (APN); tambi\u00e9n participan fuerzas de seguridad del Gobierno de Jujuy y bomberos voluntarios de localidades cercanas al Parque Calilegua. Adem\u00e1s desde Servicio Nacional de Manejo del Fuego (SNMF) se enviaron dos aviones hidrantes que despegan y recargan agua en la pista de aterrizaje de la empresa Ledesma, siempre que las condiciones meteorol\u00f3gicas lo permiten.<\/p>\n\n\n\n<p class=\"has-text-align-justify\">En las pr\u00f3ximas horas arribar\u00e1n a Jujuy otros combatientes especializados del Servicio Nacional, que vienen desde C\u00f3rdoba donde tambi\u00e9n estuvieron colaborando en el combate de los incendios en las zonas boscosas de aquella provincia. Este equipo se sumar\u00e1 a las fuerzas ambientales y de seguridad local, para reforzar las tareas log\u00edsticas y, sobre todo, de campo durante los d\u00edas que sea necesario.<\/p>\n\n\n\n<p class=\"has-text-align-justify\">Seg\u00fan inform\u00f3 el Director de Incendios Forestales del Ministerio de Ambiente de Jujuy, Ezequiel Morales, quien coordina las acciones en Jujuy, \u201ctanto el flanco derecho, a cargo de los equipos del Parque Nacional, donde hubo varios incendios, como el flanco izquierdo, donde estuvimos combatiendo desde el Ministerio de Ambiente, fueron controlados; pero la cabeza del incendio nos salt\u00f3 ayer debido a las r\u00e1fagas de viento de m\u00e1s de 30 km por hora, y la situaci\u00f3n ahora se volvi\u00f3 complicada, por eso vamos a subir para atacarlo y tratar de contenerlo\u201d.<\/p>\n\n\n\n<figure class=\"wp-block-image size-large\"><img decoding=\"async\" loading=\"lazy\" width=\"270\" height=\"480\" src=\"https:\/\/notinor.com\/jujuy\/wp-content\/uploads\/2020\/10\/WhatsApp-Image-2020-10-11-at-19.18.19-2-270x480.jpeg\" alt=\"\" class=\"wp-image-270562\" srcset=\"https:\/\/notinor.com\/jujuy\/wp-content\/uploads\/2020\/10\/WhatsApp-Image-2020-10-11-at-19.18.19-2-270x480.jpeg 270w, https:\/\/notinor.com\/jujuy\/wp-content\/uploads\/2020\/10\/WhatsApp-Image-2020-10-11-at-19.18.19-2-205x365.jpeg 205w, https:\/\/notinor.com\/jujuy\/wp-content\/uploads\/2020\/10\/WhatsApp-Image-2020-10-11-at-19.18.19-2.jpeg 720w\" sizes=\"(max-width: 270px) 100vw, 270px\" \/><\/figure>\n","protected":false},"excerpt":{"rendered":"<p>30 combatientes de incendios forestales tratar\u00e1n de cesar el fuego iniciado el pasado 18 septiembre y que ya afect\u00f3 a un tercio del \u00e1rea protegida. El Ministerio de Ambiente de Jujuy instalar\u00e1 un campamento de campa\u00f1a en el coraz\u00f3n mismo del incendio provocado en el Parque Nacional Calilegua, con el prop\u00f3sito de combatir directamente el [&hellip;]<\/p>\n","protected":false},"author":37,"featured_media":270560,"comment_status":"open","ping_status":"open","sticky":false,"template":"","format":"standard","meta":{"_stopmodifiedupdate":false,"_modified_date":"","inline_featured_image":false,"spay_email":"","jetpack_publicize_message":""},"categories":[2],"tags":[],"jetpack_featured_media_url":"https:\/\/notinor.com\/jujuy\/wp-content\/uploads\/2020\/10\/WhatsApp-Image-2020-10-11-at-19.18.20-1024x768-1.jpeg","jetpack_publicize_connections":[],"_links":{"self":[{"href":"https:\/\/notinor.com\/jujuy\/wp-json\/wp\/v2\/posts\/270559"}],"collection":[{"href":"https:\/\/notinor.com\/jujuy\/wp-json\/wp\/v2\/posts"}],"about":[{"href":"https:\/\/notinor.com\/jujuy\/wp-json\/wp\/v2\/types\/post"}],"author":[{"embeddable":true,"href":"https:\/\/notinor.com\/jujuy\/wp-json\/wp\/v2\/users\/37"}],"replies":[{"embeddable":true,"href":"https:\/\/notinor.com\/jujuy\/wp-json\/wp\/v2\/comments?post=270559"}],"version-history":[{"count":1,"href":"https:\/\/notinor.com\/jujuy\/wp-json\/wp\/v2\/posts\/270559\/revisions"}],"predecessor-version":[{"id":270563,"href":"https:\/\/notinor.com\/jujuy\/wp-json\/wp\/v2\/posts\/270559\/revisions\/270563"}],"wp:featuredmedia":[{"embeddable":true,"href":"https:\/\/notinor.com\/jujuy\/wp-json\/wp\/v2\/media\/270560"}],"wp:attachment":[{"href":"https:\/\/notinor.com\/jujuy\/wp-json\/wp\/v2\/media?parent=270559"}],"wp:term":[{"taxonomy":"category","embeddable":true,"href":"https:\/\/notinor.com\/jujuy\/wp-json\/wp\/v2\/categories?post=270559"},{"taxonomy":"post_tag","embeddable":true,"href":"https:\/\/notinor.com\/jujuy\/wp-json\/wp\/v2\/tags?post=270559"}],"curies":[{"name":"wp","href":"https:\/\/api.w.org\/{rel}","templated":true}]}}