{"id":270553,"date":"2020-10-12T09:28:09","date_gmt":"2020-10-12T12:28:09","guid":{"rendered":"https:\/\/notinor.com\/jujuy\/?p=270553"},"modified":"2020-10-12T03:30:49","modified_gmt":"2020-10-12T06:30:49","slug":"al-natural-y-hermosa-mon-laferte-mostro-sus-canas-y-enamoro-a-todos","status":"publish","type":"post","link":"https:\/\/notinor.com\/jujuy\/al-natural-y-hermosa-mon-laferte-mostro-sus-canas-y-enamoro-a-todos\/","title":{"rendered":"Al natural y hermosa, Mon Laferte mostr\u00f3 sus canas y enamor\u00f3 a todos"},"content":{"rendered":"\n<p>La bella chilena realiz\u00f3 una publicaci\u00f3n que dej\u00f3 a sus seguidores muy cautivados.<\/p>\n\n\n\n<figure class=\"wp-block-image\"><img decoding=\"async\" src=\"https:\/\/www.mdzol.com\/u\/fotografias\/m\/2020\/10\/11\/f848x477-968017_1025820_5339.jpg\" alt=\"\"\/><\/figure>\n\n\n\n<p>La cantante chilena Mon Laferte con el correr de los a\u00f1os se ha convertido en una de las artistas m\u00e1s importantes de la m\u00fasica latina ya que posee una voz \u00fanica y cautivadora.<\/p>\n\n\n\n<p>Mundialmente la bella morocha se hizo conocida mundialmente por la canci\u00f3n \"T\u00fa falta de querer\" donde en la versi\u00f3n en vivo de la misma parece ella cantando con l\u00e1grimas en los ojos.<\/p>\n\n\n\n<figure class=\"wp-block-image\"><img decoding=\"async\" src=\"https:\/\/www.mdzol.com\/u\/fotografias\/m\/2020\/10\/11\/f768x1-968015_968142_126.jpg\" alt=\"\"\/><\/figure>\n\n\n\n<p>En tanto que en<strong>&nbsp;redes sociales<\/strong>&nbsp;la bella cantante posee una gran popularidad ya que cada vez que realiza una publicaci\u00f3n sus seguidores reaccionan de manera inmediata.<\/p>\n\n\n\n<p>Por su parte recientemente&nbsp;<strong>Mon Laferte<\/strong>&nbsp;abri\u00f3&nbsp;su galer\u00eda de arte donde compartir\u00e1 su pasi\u00f3n por la pintura para que sus seguidores puedan admirar su nueva faceta art\u00edstica.<\/p>\n\n\n\n<p>Asimismo hace unos d\u00edas atr\u00e1s comparti\u00f3 una serie de im\u00e1genes en&nbsp;<a href=\"https:\/\/www.instagram.com\/\" target=\"_blank\" rel=\"noreferrer noopener\"><strong>Instagram<\/strong><\/a>&nbsp;donde se la ve mostrando con mucho orgullo sus canas lo cual cautiv\u00f3 a todos sus fan\u00e1ticos.<\/p>\n\n\n\n<figure class=\"wp-block-image\"><img decoding=\"async\" src=\"https:\/\/www.mdzol.com\/u\/fotografias\/m\/2020\/10\/11\/f768x1-968016_968143_126.jpg\" alt=\"\"\/><\/figure>\n","protected":false},"excerpt":{"rendered":"<p>La bella chilena realiz\u00f3 una publicaci\u00f3n que dej\u00f3 a sus seguidores muy cautivados. La cantante chilena Mon Laferte con el correr de los a\u00f1os se ha convertido en una de las artistas m\u00e1s importantes de la m\u00fasica latina ya que posee una voz \u00fanica y cautivadora. Mundialmente la bella morocha se hizo conocida mundialmente por [&hellip;]<\/p>\n","protected":false},"author":40,"featured_media":270554,"comment_status":"open","ping_status":"open","sticky":false,"template":"","format":"standard","meta":{"_stopmodifiedupdate":false,"_modified_date":"","inline_featured_image":false,"spay_email":"","jetpack_publicize_message":""},"categories":[21],"tags":[],"jetpack_featured_media_url":"https:\/\/notinor.com\/jujuy\/wp-content\/uploads\/2020\/10\/f848x477-968017_1025820_5339.jpg","jetpack_publicize_connections":[],"_links":{"self":[{"href":"https:\/\/notinor.com\/jujuy\/wp-json\/wp\/v2\/posts\/270553"}],"collection":[{"href":"https:\/\/notinor.com\/jujuy\/wp-json\/wp\/v2\/posts"}],"about":[{"href":"https:\/\/notinor.com\/jujuy\/wp-json\/wp\/v2\/types\/post"}],"author":[{"embeddable":true,"href":"https:\/\/notinor.com\/jujuy\/wp-json\/wp\/v2\/users\/40"}],"replies":[{"embeddable":true,"href":"https:\/\/notinor.com\/jujuy\/wp-json\/wp\/v2\/comments?post=270553"}],"version-history":[{"count":1,"href":"https:\/\/notinor.com\/jujuy\/wp-json\/wp\/v2\/posts\/270553\/revisions"}],"predecessor-version":[{"id":270555,"href":"https:\/\/notinor.com\/jujuy\/wp-json\/wp\/v2\/posts\/270553\/revisions\/270555"}],"wp:featuredmedia":[{"embeddable":true,"href":"https:\/\/notinor.com\/jujuy\/wp-json\/wp\/v2\/media\/270554"}],"wp:attachment":[{"href":"https:\/\/notinor.com\/jujuy\/wp-json\/wp\/v2\/media?parent=270553"}],"wp:term":[{"taxonomy":"category","embeddable":true,"href":"https:\/\/notinor.com\/jujuy\/wp-json\/wp\/v2\/categories?post=270553"},{"taxonomy":"post_tag","embeddable":true,"href":"https:\/\/notinor.com\/jujuy\/wp-json\/wp\/v2\/tags?post=270553"}],"curies":[{"name":"wp","href":"https:\/\/api.w.org\/{rel}","templated":true}]}}