{"id":270539,"date":"2020-10-11T23:15:14","date_gmt":"2020-10-12T02:15:14","guid":{"rendered":"https:\/\/notinor.com\/jujuy\/?p=270539"},"modified":"2020-10-11T23:18:29","modified_gmt":"2020-10-12T02:18:29","slug":"el-mpa-solicito-los-registros-de-la-seccional-n-33-ante-el-reclamo-de-los-padres-de-alejandra-alvarez","status":"publish","type":"post","link":"https:\/\/notinor.com\/jujuy\/el-mpa-solicito-los-registros-de-la-seccional-n-33-ante-el-reclamo-de-los-padres-de-alejandra-alvarez\/","title":{"rendered":"El MPA solicit\u00f3 los registros de la Seccional N\u00b0 33 ante el reclamo de los padres de Alejandra \u00c1lvarez"},"content":{"rendered":"\n<p>Desde el Ministerio P\u00fablico de la Acusaci\u00f3n solicitaron los registros de actuaci\u00f3n para constatar si los padres de Alejandra \u00c1lvarez intentaron realizar la denuncia la noche del viernes.<\/p>\n\n\n\n<figure class=\"wp-block-image size-large\"><img decoding=\"async\" loading=\"lazy\" width=\"720\" height=\"480\" src=\"https:\/\/notinor.com\/jujuy\/wp-content\/uploads\/2020\/10\/seccional-33-alto-comedero-720x480.jpg\" alt=\"\" class=\"wp-image-270540\" srcset=\"https:\/\/notinor.com\/jujuy\/wp-content\/uploads\/2020\/10\/seccional-33-alto-comedero-720x480.jpg 720w, https:\/\/notinor.com\/jujuy\/wp-content\/uploads\/2020\/10\/seccional-33-alto-comedero-548x365.jpg 548w, https:\/\/notinor.com\/jujuy\/wp-content\/uploads\/2020\/10\/seccional-33-alto-comedero-768x512.jpg 768w, https:\/\/notinor.com\/jujuy\/wp-content\/uploads\/2020\/10\/seccional-33-alto-comedero-750x500.jpg 750w, https:\/\/notinor.com\/jujuy\/wp-content\/uploads\/2020\/10\/seccional-33-alto-comedero.jpg 960w\" sizes=\"(max-width: 720px) 100vw, 720px\" \/><\/figure>\n\n\n\n<p>El femicidio de Alejandra Nahir \u00c1lvarez (17) logr\u00f3 conmover nuevamente a la comunidad juje\u00f1a cansada de situaciones de violencia hacia las mujeres. El hallazgo del cuerpo sin vida de la adolescente gener\u00f3 una gran tristeza en todo el pueblo de Jujuy, sin embargo tambi\u00e9n ocasion\u00f3 un momento de enojo con las autoridades policiales cuando los padres de la joven manifestaron haber intentado realizar la denuncia por desaparici\u00f3n la noche del viernes, denuncia que no fue tomada por los uniformados.<\/p>\n\n\n\n<p>Los progenitores de la v\u00edctima afirman haberse acercado la noche del viernes 9 de octubre -misma de la desaparici\u00f3n- a la Comisaria Seccional N\u00b033, ubicada en la calle Teniente Far\u00edas del barrio Alto Comedero, para radicar la denuncia correspondiente y dejar por sentada la desaparici\u00f3n de su hija. Sin embargo, seg\u00fan expresaron ellos mismos, los efectivos policiales se negaron a tomar la denuncia ya que no hab\u00edan transcurrido las horas suficientes.<\/p>\n\n\n\n<p><em>Relacionado: <strong><a href=\"https:\/\/notinor.com\/jujuy\/hay-novedades-en-el-caso-de-alejandra-alvarez\/\">Hay novedades en el caso de Alejandra \u00c1lvarez<\/a><\/strong><\/em>.<\/p>\n\n\n\n<p>Esta situaci\u00f3n narrada por la familia \u00c1lvarez el d\u00eda del hallazgo del cuerpo de la joven Alejandra Nahir, ocasion\u00f3 un tremendo malestar en toda la comunidad juje\u00f1a y en las autoridades del Ministerio P\u00fablico de la Acusaci\u00f3n (MPA) y del Consejo Provincial de la Mujer, quienes tienen un protocolo de actuaci\u00f3n inmediata para este tipo de casos.<\/p>\n\n\n\n<p>Por ello, el ayudante fiscal del MPA, Cristian Rivero Paz, solicit\u00f3 a la Seccional N\u00b033 el \"libro de novedades\" y la \"planilla de visita\" para poder determinar si qued\u00f3 por sentado que los padres de Alejandra \u00c1lvarez se hicieron presentes esa noche en la Comisar\u00eda. De ser as\u00ed quedar\u00e1 expuesto que, tal cual narr\u00f3 la familia, los efectivos no quisieron tomarles la denuncia por la desaparici\u00f3n de la joven.<\/p>\n","protected":false},"excerpt":{"rendered":"<p>Desde el Ministerio P\u00fablico de la Acusaci\u00f3n solicitaron los registros de actuaci\u00f3n para constatar si los padres de Alejandra \u00c1lvarez intentaron realizar la denuncia la noche del viernes. El femicidio de Alejandra Nahir \u00c1lvarez (17) logr\u00f3 conmover nuevamente a la comunidad juje\u00f1a cansada de situaciones de violencia hacia las mujeres. El hallazgo del cuerpo sin [&hellip;]<\/p>\n","protected":false},"author":1,"featured_media":270540,"comment_status":"open","ping_status":"open","sticky":false,"template":"","format":"standard","meta":{"_stopmodifiedupdate":false,"_modified_date":"","inline_featured_image":false,"spay_email":"","jetpack_publicize_message":""},"categories":[2],"tags":[],"jetpack_featured_media_url":"https:\/\/notinor.com\/jujuy\/wp-content\/uploads\/2020\/10\/seccional-33-alto-comedero.jpg","jetpack_publicize_connections":[],"_links":{"self":[{"href":"https:\/\/notinor.com\/jujuy\/wp-json\/wp\/v2\/posts\/270539"}],"collection":[{"href":"https:\/\/notinor.com\/jujuy\/wp-json\/wp\/v2\/posts"}],"about":[{"href":"https:\/\/notinor.com\/jujuy\/wp-json\/wp\/v2\/types\/post"}],"author":[{"embeddable":true,"href":"https:\/\/notinor.com\/jujuy\/wp-json\/wp\/v2\/users\/1"}],"replies":[{"embeddable":true,"href":"https:\/\/notinor.com\/jujuy\/wp-json\/wp\/v2\/comments?post=270539"}],"version-history":[{"count":2,"href":"https:\/\/notinor.com\/jujuy\/wp-json\/wp\/v2\/posts\/270539\/revisions"}],"predecessor-version":[{"id":270542,"href":"https:\/\/notinor.com\/jujuy\/wp-json\/wp\/v2\/posts\/270539\/revisions\/270542"}],"wp:featuredmedia":[{"embeddable":true,"href":"https:\/\/notinor.com\/jujuy\/wp-json\/wp\/v2\/media\/270540"}],"wp:attachment":[{"href":"https:\/\/notinor.com\/jujuy\/wp-json\/wp\/v2\/media?parent=270539"}],"wp:term":[{"taxonomy":"category","embeddable":true,"href":"https:\/\/notinor.com\/jujuy\/wp-json\/wp\/v2\/categories?post=270539"},{"taxonomy":"post_tag","embeddable":true,"href":"https:\/\/notinor.com\/jujuy\/wp-json\/wp\/v2\/tags?post=270539"}],"curies":[{"name":"wp","href":"https:\/\/api.w.org\/{rel}","templated":true}]}}