{"id":270137,"date":"2020-10-08T20:56:36","date_gmt":"2020-10-08T23:56:36","guid":{"rendered":"https:\/\/notinor.com\/jujuy\/?p=270137"},"modified":"2020-10-08T20:56:42","modified_gmt":"2020-10-08T23:56:42","slug":"covid-19-en-jujuy-se-superaron-las-600-victimas-fatales","status":"publish","type":"post","link":"https:\/\/notinor.com\/jujuy\/covid-19-en-jujuy-se-superaron-las-600-victimas-fatales\/","title":{"rendered":"COVID-19 en Jujuy: se superaron las 600 v\u00edctimas fatales"},"content":{"rendered":"\n<p>El Comit\u00e9 Operativo de Emergencia inform\u00f3 la situaci\u00f3n sanitaria y epidemiol\u00f3gica de la provincia actualmente. <\/p>\n\n\n\n<figure class=\"wp-block-image size-large\"><img decoding=\"async\" loading=\"lazy\" width=\"512\" height=\"388\" src=\"https:\/\/notinor.com\/jujuy\/wp-content\/uploads\/2020\/10\/unnamed.jpg\" alt=\"\" class=\"wp-image-269006\" srcset=\"https:\/\/notinor.com\/jujuy\/wp-content\/uploads\/2020\/10\/unnamed.jpg 512w, https:\/\/notinor.com\/jujuy\/wp-content\/uploads\/2020\/10\/unnamed-482x365.jpg 482w\" sizes=\"(max-width: 512px) 100vw, 512px\" \/><\/figure>\n\n\n\n<p>La Sub direcci\u00f3n de Epidemiolog\u00eda inform\u00f3 que hoy jueves se confirmaron 95 nuevos casos de COVID 19 en la provincia y recibieron el alta m\u00e9dica 495 pacientes.<\/p>\n\n\n\n<p>As\u00ed mismo, se registraron 10 fallecimientos por Covid 19 : cinco hombres y cinco mujeres, de entre 40 y 86 a\u00f1os.<\/p>\n\n\n\n<h2>Estado de situaci\u00f3n desde el inicio de la pandemia:<\/h2>\n\n\n\n<p>Hasta el momento se realizaron 42.903 tests PCR en toda la provincia, arrojando un total de 16.497 casos positivos. Se recuperaron de la enfermedad 14.761. Fallecieron 606 personas.<\/p>\n\n\n\n<ul><li>Los CASOS ACTIVOS a la fecha son 1.130.<\/li><\/ul>\n\n\n\n<h2>Detalle de casos positivos seg\u00fan localidad:<\/h2>\n\n\n\n<p>San Salvador de Jujuy 50<br>Volc\u00e1n 13<br>Palpal\u00e1 6<br>El Carmen 5<br>Santa Clara 2<br>Yala 2<br>Coranzuli 1<br>Libertador Gral. San Mart\u00edn 1<br>Lozano 1<br>Maimara 1<br>Perico 1<br>Rinconada 1<br>R\u00edo Blanco 1<br>San Antonio 1<br>San Pedro 1<br>Tilcara 1<br>En averiguaci\u00f3n 7<\/p>\n","protected":false},"excerpt":{"rendered":"<p>El Comit\u00e9 Operativo de Emergencia inform\u00f3 la situaci\u00f3n sanitaria y epidemiol\u00f3gica de la provincia actualmente. La Sub direcci\u00f3n de Epidemiolog\u00eda inform\u00f3 que hoy jueves se confirmaron 95 nuevos casos de COVID 19 en la provincia y recibieron el alta m\u00e9dica 495 pacientes. As\u00ed mismo, se registraron 10 fallecimientos por Covid 19 : cinco hombres y [&hellip;]<\/p>\n","protected":false},"author":37,"featured_media":267574,"comment_status":"open","ping_status":"open","sticky":false,"template":"","format":"standard","meta":{"_stopmodifiedupdate":false,"_modified_date":"","inline_featured_image":false,"spay_email":"","jetpack_publicize_message":""},"categories":[2],"tags":[],"jetpack_featured_media_url":"https:\/\/notinor.com\/jujuy\/wp-content\/uploads\/2020\/09\/gobe-1-1140x760-1.jpg","jetpack_publicize_connections":[],"_links":{"self":[{"href":"https:\/\/notinor.com\/jujuy\/wp-json\/wp\/v2\/posts\/270137"}],"collection":[{"href":"https:\/\/notinor.com\/jujuy\/wp-json\/wp\/v2\/posts"}],"about":[{"href":"https:\/\/notinor.com\/jujuy\/wp-json\/wp\/v2\/types\/post"}],"author":[{"embeddable":true,"href":"https:\/\/notinor.com\/jujuy\/wp-json\/wp\/v2\/users\/37"}],"replies":[{"embeddable":true,"href":"https:\/\/notinor.com\/jujuy\/wp-json\/wp\/v2\/comments?post=270137"}],"version-history":[{"count":1,"href":"https:\/\/notinor.com\/jujuy\/wp-json\/wp\/v2\/posts\/270137\/revisions"}],"predecessor-version":[{"id":270138,"href":"https:\/\/notinor.com\/jujuy\/wp-json\/wp\/v2\/posts\/270137\/revisions\/270138"}],"wp:featuredmedia":[{"embeddable":true,"href":"https:\/\/notinor.com\/jujuy\/wp-json\/wp\/v2\/media\/267574"}],"wp:attachment":[{"href":"https:\/\/notinor.com\/jujuy\/wp-json\/wp\/v2\/media?parent=270137"}],"wp:term":[{"taxonomy":"category","embeddable":true,"href":"https:\/\/notinor.com\/jujuy\/wp-json\/wp\/v2\/categories?post=270137"},{"taxonomy":"post_tag","embeddable":true,"href":"https:\/\/notinor.com\/jujuy\/wp-json\/wp\/v2\/tags?post=270137"}],"curies":[{"name":"wp","href":"https:\/\/api.w.org\/{rel}","templated":true}]}}