{"id":270132,"date":"2020-10-08T20:46:00","date_gmt":"2020-10-08T23:46:00","guid":{"rendered":"https:\/\/notinor.com\/jujuy\/?p=270132"},"modified":"2020-10-08T20:46:06","modified_gmt":"2020-10-08T23:46:06","slug":"se-viene-el-primer-festival-gastronomico-en-perico","status":"publish","type":"post","link":"https:\/\/notinor.com\/jujuy\/se-viene-el-primer-festival-gastronomico-en-perico\/","title":{"rendered":"Se viene el primer festival gastron\u00f3mico en Perico"},"content":{"rendered":"\n<p>Ser\u00e1 este s\u00e1bado con entrada libre y gratuita. <\/p>\n\n\n\n<figure class=\"wp-block-image size-large\"><img decoding=\"async\" loading=\"lazy\" width=\"480\" height=\"360\" src=\"https:\/\/notinor.com\/jujuy\/wp-content\/uploads\/2020\/10\/IMG-20200827-WA0025-1.jpg\" alt=\"\" class=\"wp-image-270133\"\/><\/figure>\n\n\n\n<p>Con motivo de brindar m\u00e1s opciones recreativas en la ciudad de Perico, desde la Direcci\u00f3n de Turismo de la Municipalidad de Perico informaron que este s\u00e1bado de realizar\u00e1 el primer festival gastron\u00f3mico en la ciudad. <\/p>\n\n\n\n<p>As\u00ed lo confirm\u00f3 el director de Turismo, Sergio R\u00edos. \"Este s\u00e1bado 10 de octubre se realizar\u00e1 el primer Festival Gastron\u00f3mico de m\u00e1s Colectividades en las instalaciones del microestadio del Club Atl\u00e9tico Talleres de Perico\".<\/p>\n\n\n\n<p>El horario establecido para llevar adelante el evento es de 11 a 18 horas y la entrada ser\u00e1 libre y gratuita. <\/p>\n\n\n\n<p>\"Teniendo en cuenta que Perico desde sus comienzos alberg\u00f3 a muchos inmigrantes que formaron y forman parte del progreso de la ciudad, es la raz\u00f3n fundamental para realizar tama\u00f1o evento\".<\/p>\n\n\n\n<p>Los asistentes podr\u00e1n degustar comidas de los distintos pa\u00edses cuyos anfitriones estar\u00e1n vestidos con las vestimentas t\u00edpicas de cada Naci\u00f3n a la que estar\u00e1n representando. Asimismo, tambi\u00e9n se est\u00e1 trabajando en la presentaci\u00f3n de cuadros de bailes dedistintas regiones.<\/p>\n\n\n\n<p>Por \u00faltimo el director Sergio R\u00edos, agradeci\u00f3 la participaci\u00f3n de los expositores y a quienes trabajan en el interesante proyecto. Cabe resaltar que se respetar\u00e1n las medidas de bioseguridad para los asistentes y organizadores.<\/p>\n\n\n\n<figure class=\"wp-block-image size-large\"><img decoding=\"async\" loading=\"lazy\" width=\"480\" height=\"480\" src=\"https:\/\/notinor.com\/jujuy\/wp-content\/uploads\/2020\/10\/IMG-20201008-WA0026-480x480.jpg\" alt=\"\" class=\"wp-image-270134\" srcset=\"https:\/\/notinor.com\/jujuy\/wp-content\/uploads\/2020\/10\/IMG-20201008-WA0026-480x480.jpg 480w, https:\/\/notinor.com\/jujuy\/wp-content\/uploads\/2020\/10\/IMG-20201008-WA0026-365x365.jpg 365w, https:\/\/notinor.com\/jujuy\/wp-content\/uploads\/2020\/10\/IMG-20201008-WA0026-768x768.jpg 768w, https:\/\/notinor.com\/jujuy\/wp-content\/uploads\/2020\/10\/IMG-20201008-WA0026-75x75.jpg 75w, https:\/\/notinor.com\/jujuy\/wp-content\/uploads\/2020\/10\/IMG-20201008-WA0026-750x750.jpg 750w, https:\/\/notinor.com\/jujuy\/wp-content\/uploads\/2020\/10\/IMG-20201008-WA0026-1140x1140.jpg 1140w, https:\/\/notinor.com\/jujuy\/wp-content\/uploads\/2020\/10\/IMG-20201008-WA0026.jpg 1280w\" sizes=\"(max-width: 480px) 100vw, 480px\" \/><\/figure>\n","protected":false},"excerpt":{"rendered":"<p>Ser\u00e1 este s\u00e1bado con entrada libre y gratuita. Con motivo de brindar m\u00e1s opciones recreativas en la ciudad de Perico, desde la Direcci\u00f3n de Turismo de la Municipalidad de Perico informaron que este s\u00e1bado de realizar\u00e1 el primer festival gastron\u00f3mico en la ciudad. As\u00ed lo confirm\u00f3 el director de Turismo, Sergio R\u00edos. \"Este s\u00e1bado 10 [&hellip;]<\/p>\n","protected":false},"author":1,"featured_media":270133,"comment_status":"open","ping_status":"open","sticky":false,"template":"","format":"standard","meta":{"_stopmodifiedupdate":false,"_modified_date":"","inline_featured_image":false,"spay_email":"","jetpack_publicize_message":""},"categories":[4],"tags":[],"jetpack_featured_media_url":"https:\/\/notinor.com\/jujuy\/wp-content\/uploads\/2020\/10\/IMG-20200827-WA0025-1.jpg","jetpack_publicize_connections":[],"_links":{"self":[{"href":"https:\/\/notinor.com\/jujuy\/wp-json\/wp\/v2\/posts\/270132"}],"collection":[{"href":"https:\/\/notinor.com\/jujuy\/wp-json\/wp\/v2\/posts"}],"about":[{"href":"https:\/\/notinor.com\/jujuy\/wp-json\/wp\/v2\/types\/post"}],"author":[{"embeddable":true,"href":"https:\/\/notinor.com\/jujuy\/wp-json\/wp\/v2\/users\/1"}],"replies":[{"embeddable":true,"href":"https:\/\/notinor.com\/jujuy\/wp-json\/wp\/v2\/comments?post=270132"}],"version-history":[{"count":1,"href":"https:\/\/notinor.com\/jujuy\/wp-json\/wp\/v2\/posts\/270132\/revisions"}],"predecessor-version":[{"id":270135,"href":"https:\/\/notinor.com\/jujuy\/wp-json\/wp\/v2\/posts\/270132\/revisions\/270135"}],"wp:featuredmedia":[{"embeddable":true,"href":"https:\/\/notinor.com\/jujuy\/wp-json\/wp\/v2\/media\/270133"}],"wp:attachment":[{"href":"https:\/\/notinor.com\/jujuy\/wp-json\/wp\/v2\/media?parent=270132"}],"wp:term":[{"taxonomy":"category","embeddable":true,"href":"https:\/\/notinor.com\/jujuy\/wp-json\/wp\/v2\/categories?post=270132"},{"taxonomy":"post_tag","embeddable":true,"href":"https:\/\/notinor.com\/jujuy\/wp-json\/wp\/v2\/tags?post=270132"}],"curies":[{"name":"wp","href":"https:\/\/api.w.org\/{rel}","templated":true}]}}