{"id":27013,"date":"2015-05-14T00:00:31","date_gmt":"2015-05-14T03:00:31","guid":{"rendered":"http:\/\/notinor.com\/jujuy\/?p=27013"},"modified":"2015-05-14T10:43:38","modified_gmt":"2015-05-14T13:43:38","slug":"acto-50-anos-papel-ledesma","status":"publish","type":"post","link":"https:\/\/notinor.com\/jujuy\/acto-50-anos-papel-ledesma\/","title":{"rendered":"Acto 50 a\u00f1os Papel Ledesma"},"content":{"rendered":"<p>Abri\u00f3 el acto Gustavo Maldonado, un ex empleado de la F\u00e1brica de Papel. Tras unas palabras de bienvenida, fue el turno para hablar de Hugo Cepeda, empleado activo de F\u00e1brica Papel.<\/p>\n<p>Luego fue el turno de Charlie \u00a0Blaquier, Presidente de la Empresa Ledesma, quien se dirigi\u00f3 a los invitados para hacer un repaso de estos 50 a\u00f1os de historia de la F\u00e1brica y su evoluci\u00f3n hasta convertirse en una Empresa l\u00edder del pa\u00eds.<\/p>\n<p>Por \u00faltimo, el Vicegobernador de Jujuy, Dr. Guillermo Jenefes, expres\u00f3 unas palabras a los invitados y manifest\u00f3 sus felicitaciones por lo logrado en estos a\u00f1os.<\/p>\n<p>Finalmente el Presidente de la Empresa Ledesma y el Vicegobernador de Jujuy, realizaron el descubrimiento de una placa recordatoria, ubicada junto a la puerta de ingreso a la Gerencia T\u00e9cnica de Papel.<\/p>\n<p><a href=\"http:\/\/notinor.com\/jujuy\/wp-content\/uploads\/2015\/05\/22.jpg\"><img decoding=\"async\" loading=\"lazy\" class=\"alignnone size-medium wp-image-27015\" src=\"http:\/\/notinor.com\/jujuy\/wp-content\/uploads\/2015\/05\/22-300x225.jpg\" alt=\"2\" width=\"300\" height=\"225\" srcset=\"https:\/\/notinor.com\/jujuy\/wp-content\/uploads\/2015\/05\/22-300x225.jpg 300w, https:\/\/notinor.com\/jujuy\/wp-content\/uploads\/2015\/05\/22-1024x768.jpg 1024w, https:\/\/notinor.com\/jujuy\/wp-content\/uploads\/2015\/05\/22-900x675.jpg 900w, https:\/\/notinor.com\/jujuy\/wp-content\/uploads\/2015\/05\/22.jpg 1152w\" sizes=\"(max-width: 300px) 100vw, 300px\" \/><\/a> <a href=\"http:\/\/notinor.com\/jujuy\/wp-content\/uploads\/2015\/05\/3.jpg\"><img decoding=\"async\" loading=\"lazy\" class=\"alignnone size-medium wp-image-27016\" src=\"http:\/\/notinor.com\/jujuy\/wp-content\/uploads\/2015\/05\/3-300x263.jpg\" alt=\"3\" width=\"300\" height=\"263\" srcset=\"https:\/\/notinor.com\/jujuy\/wp-content\/uploads\/2015\/05\/3-300x263.jpg 300w, https:\/\/notinor.com\/jujuy\/wp-content\/uploads\/2015\/05\/3.jpg 847w\" sizes=\"(max-width: 300px) 100vw, 300px\" \/><\/a>\u00a0\u00a0\u00a0<a href=\"http:\/\/notinor.com\/jujuy\/wp-content\/uploads\/2015\/05\/42.jpg\"><img decoding=\"async\" loading=\"lazy\" class=\"alignnone size-medium wp-image-27023\" src=\"http:\/\/notinor.com\/jujuy\/wp-content\/uploads\/2015\/05\/42-300x167.jpg\" alt=\"4\" width=\"300\" height=\"167\" srcset=\"https:\/\/notinor.com\/jujuy\/wp-content\/uploads\/2015\/05\/42-300x167.jpg 300w, https:\/\/notinor.com\/jujuy\/wp-content\/uploads\/2015\/05\/42-1024x572.jpg 1024w, https:\/\/notinor.com\/jujuy\/wp-content\/uploads\/2015\/05\/42-199x112.jpg 199w, https:\/\/notinor.com\/jujuy\/wp-content\/uploads\/2015\/05\/42-616x345.jpg 616w, https:\/\/notinor.com\/jujuy\/wp-content\/uploads\/2015\/05\/42-900x503.jpg 900w, https:\/\/notinor.com\/jujuy\/wp-content\/uploads\/2015\/05\/42.jpg 1152w\" sizes=\"(max-width: 300px) 100vw, 300px\" \/><\/a><\/p>\n<p>El Licenciado Federico Gatti, Administrador General de la Empresa Ledesma puntualiz\u00f3 lo siguiente: \u201cMuy contento de poder celebrar las Bodas de Oro de nuestra F\u00e1brica de Papel, conjuntamente con los ex y actuales trabajadores, con la comunidad obviamente, y con las autoridades provinciales y municipales. As\u00ed que muy contentos porque creo que es un logro de todos poder hacer este sue\u00f1o del Ingeniero Arrieta, de transformar la ca\u00f1a de az\u00facar en papel. Que se haya logrado que hoy sea un producto de excelencia en la Argentina y que se exporte a toda Am\u00e9rica\u201d.<\/p>\n<p>De igual forma, el Licenciado Gatti se refiri\u00f3 por las distintas situaciones que tuvieron que atravesar. \u201cCreo que fue muy importante el permanente dialogo y aprendizaje entre los operarios, la jefatura, una firme direcci\u00f3n del Directorio y de la Gerencia, de sobreponerse frente a las vicisitudes que presentaba el desaf\u00edo de hacer papel con ca\u00f1a de az\u00facar y saber que, a trav\u00e9s del trabajo conjunto y del aprendizaje se pudo superar; y que hoy\u00a0 la f\u00e1brica sea lo que es, orgullo para todos los argentinos. La mitad del papel que se usa en la Argentina es el papel que sale de ac\u00e1 de Jujuy y que est\u00e1 hecho por manos juje\u00f1as, ha sido muy importante para todo Jujuy\u201d.<\/p>\n<p><a href=\"http:\/\/notinor.com\/jujuy\/wp-content\/uploads\/2015\/05\/5.jpg\"><img decoding=\"async\" loading=\"lazy\" class=\"alignnone size-medium wp-image-27018\" src=\"http:\/\/notinor.com\/jujuy\/wp-content\/uploads\/2015\/05\/5-300x259.jpg\" alt=\"5\" width=\"300\" height=\"259\" srcset=\"https:\/\/notinor.com\/jujuy\/wp-content\/uploads\/2015\/05\/5-300x259.jpg 300w, https:\/\/notinor.com\/jujuy\/wp-content\/uploads\/2015\/05\/5.jpg 896w\" sizes=\"(max-width: 300px) 100vw, 300px\" \/><\/a><\/p>\n<p>El Dr. Guillermo Jenefes, Vicegobernador de la Provincia de Jujuy especific\u00f3:\u201cUn acto importante, son 50 a\u00f1os de la creaci\u00f3n de \u00e9sta F\u00e1brica de Papel, un emprendimiento de la Empresa Ledesma que ha apostado a la Provincia de Jujuy, a la producci\u00f3n, al desarrollo econ\u00f3mico de nuestra querida provincia.<\/p>\n<p>Y cumplir 50 a\u00f1os es un cumplea\u00f1os importante, ya que a trav\u00e9s de \u00e9sta Empresa se ha dado el desarrollo de Libertador General San Mart\u00edn y Calilegua. Tienen en la misma, una actividad econ\u00f3mica que les da trabajo y que les da una posibilidad de que cada una de las familias que viven aqu\u00ed en Libertador y en toda la regi\u00f3n, puedan tener un trabajo genuino. Y es a lo que debe apostar la Provincia de Jujuy, al desarrollo de estas actividades privadas y buscar la manera que se descomprima esta presi\u00f3n que existe sobre el estado provincial\u201d.<\/p>\n<p>El directorio de la Empresa Ledesma destac\u00f3 la necesidad de fortalecer las econom\u00edas regionales. \u201cHoy las econom\u00edas regionales en el caso de la Provincia de Jujuy atraviesa un momento dif\u00edcil, un momento complicado.<\/p>\n<p>En el caso del tabaco nos encontramos con que hay un exceso de producci\u00f3n, un exceso del tabaco en el mundo; por supuesto que los precios internacionales son malos, y esto ha redundado negativamente en la cosecha que est\u00e1n terminando los tabacaleros. Debemos tratar entre los productores, el Gobierno de la Provincia y el Gobierno de la Naci\u00f3n, ver c\u00f3mo podemos afrontar esa dif\u00edcil situaci\u00f3n.<\/p>\n<p>En el caso del az\u00facar existe tambi\u00e9n un stock importante sin vender de az\u00facar, pero una gran plantaci\u00f3n de ca\u00f1a de az\u00facar va a hacer seguramente que tengamos una producci\u00f3n excelente y como consecuencia de ello, eso va a influir sobre el precio que tiene la bolsa de az\u00facar; es un precio malo que impide que podamos exportar estos excedentes que tiene el az\u00facar. Y nos encontramos tambi\u00e9n con situaciones que se escapan a los propios Ingenios, que hacen un buen esfuerzo para la producci\u00f3n; son cuestiones que est\u00e1n vinculadas con este exceso de az\u00facar que hay en la Rep\u00fablica Argentina\u201d, finaliz\u00f3 el Vicegobernador Jenefes.<\/p>\n<p><a href=\"http:\/\/notinor.com\/jujuy\/wp-content\/uploads\/2015\/05\/6.jpg\"><img decoding=\"async\" loading=\"lazy\" class=\"alignnone size-medium wp-image-27019\" src=\"http:\/\/notinor.com\/jujuy\/wp-content\/uploads\/2015\/05\/6-300x284.jpg\" alt=\"6\" width=\"300\" height=\"284\" srcset=\"https:\/\/notinor.com\/jujuy\/wp-content\/uploads\/2015\/05\/6-300x284.jpg 300w, https:\/\/notinor.com\/jujuy\/wp-content\/uploads\/2015\/05\/6.jpg 833w\" sizes=\"(max-width: 300px) 100vw, 300px\" \/><\/a><\/p>\n<p>Quien tambi\u00e9n expres\u00f3 su alegr\u00eda por estos 50 a\u00f1os de la F\u00e1brica de Papel, fue Augusto Garaventa, Gerente de Recursos Humanos. \u201cEs un desaf\u00edo poder hacer papel de alta calidad con fibra de ca\u00f1a de az\u00facar, y esto es resultado de mucho esfuerzo, trabajo y pensamiento, y de apostar y transformar \u00e9sta fibra; es el producto de mayor logro para la provincia\u201d.<\/p>\n<p>Por otra parte, el Gerente de Recursos Humanos se expres\u00f3 en relaci\u00f3n a las cuestiones salariales en torno a las paritarias. \u201cEn estos d\u00edas hay una nueva reuni\u00f3n, dentro de lo que es la Paritaria Nacional para el salario azucarero y confiamos en que se va a poder avanzar en las negociaciones y como todos los a\u00f1os hemos escuchado al Sindicato\u201d.<\/p>\n<p><a href=\"http:\/\/notinor.com\/jujuy\/wp-content\/uploads\/2015\/05\/7.jpg\"><img decoding=\"async\" loading=\"lazy\" class=\"alignnone size-medium wp-image-27020\" src=\"http:\/\/notinor.com\/jujuy\/wp-content\/uploads\/2015\/05\/7-300x224.jpg\" alt=\"7\" width=\"300\" height=\"224\" srcset=\"https:\/\/notinor.com\/jujuy\/wp-content\/uploads\/2015\/05\/7-300x224.jpg 300w, https:\/\/notinor.com\/jujuy\/wp-content\/uploads\/2015\/05\/7.jpg 754w\" sizes=\"(max-width: 300px) 100vw, 300px\" \/><\/a><\/p>\n<p>&nbsp;<\/p>\n<p>&nbsp;<\/p>\n<p>&nbsp;<\/p>\n","protected":false},"excerpt":{"rendered":"<p>Abri\u00f3 el acto Gustavo Maldonado, un ex empleado de la F\u00e1brica de Papel. Tras unas palabras de bienvenida, fue el turno para hablar de Hugo Cepeda, empleado activo de F\u00e1brica Papel. Luego fue el turno de Charlie \u00a0Blaquier, Presidente de la Empresa Ledesma, quien se dirigi\u00f3 a los invitados para hacer un repaso de estos [&hellip;]<\/p>\n","protected":false},"author":5,"featured_media":27021,"comment_status":"open","ping_status":"open","sticky":false,"template":"","format":"standard","meta":{"_stopmodifiedupdate":false,"_modified_date":"","inline_featured_image":false},"categories":[493],"tags":[],"jetpack_featured_media_url":"https:\/\/notinor.com\/jujuy\/wp-content\/uploads\/2015\/05\/13.jpg","_links":{"self":[{"href":"https:\/\/notinor.com\/jujuy\/wp-json\/wp\/v2\/posts\/27013"}],"collection":[{"href":"https:\/\/notinor.com\/jujuy\/wp-json\/wp\/v2\/posts"}],"about":[{"href":"https:\/\/notinor.com\/jujuy\/wp-json\/wp\/v2\/types\/post"}],"author":[{"embeddable":true,"href":"https:\/\/notinor.com\/jujuy\/wp-json\/wp\/v2\/users\/5"}],"replies":[{"embeddable":true,"href":"https:\/\/notinor.com\/jujuy\/wp-json\/wp\/v2\/comments?post=27013"}],"version-history":[{"count":5,"href":"https:\/\/notinor.com\/jujuy\/wp-json\/wp\/v2\/posts\/27013\/revisions"}],"predecessor-version":[{"id":27115,"href":"https:\/\/notinor.com\/jujuy\/wp-json\/wp\/v2\/posts\/27013\/revisions\/27115"}],"wp:featuredmedia":[{"embeddable":true,"href":"https:\/\/notinor.com\/jujuy\/wp-json\/wp\/v2\/media\/27021"}],"wp:attachment":[{"href":"https:\/\/notinor.com\/jujuy\/wp-json\/wp\/v2\/media?parent=27013"}],"wp:term":[{"taxonomy":"category","embeddable":true,"href":"https:\/\/notinor.com\/jujuy\/wp-json\/wp\/v2\/categories?post=27013"},{"taxonomy":"post_tag","embeddable":true,"href":"https:\/\/notinor.com\/jujuy\/wp-json\/wp\/v2\/tags?post=27013"}],"curies":[{"name":"wp","href":"https:\/\/api.w.org\/{rel}","templated":true}]}}