{"id":270123,"date":"2020-10-08T16:59:30","date_gmt":"2020-10-08T19:59:30","guid":{"rendered":"https:\/\/notinor.com\/jujuy\/?p=270123"},"modified":"2020-10-08T16:59:36","modified_gmt":"2020-10-08T19:59:36","slug":"vuelve-la-feria-de-los-domingos-a-monterrico","status":"publish","type":"post","link":"https:\/\/notinor.com\/jujuy\/vuelve-la-feria-de-los-domingos-a-monterrico\/","title":{"rendered":"Vuelve la feria de los domingos a Monterrico"},"content":{"rendered":"\n<p>Contin\u00faan flexibiliz\u00e1ndose actividades en distintos puntos de la provincia. <\/p>\n\n\n\n<figure class=\"wp-block-image size-large\"><img decoding=\"async\" loading=\"lazy\" width=\"480\" height=\"360\" src=\"https:\/\/notinor.com\/jujuy\/wp-content\/uploads\/2020\/10\/IMG-20201008-WA0022.jpg\" alt=\"\" class=\"wp-image-270126\"\/><\/figure>\n\n\n\n<p>Con la meseta en la curva de contagios comenzaron a habilitarse diversas actividades en los distintos puntos de la provincia. Entonces, este domingo finalmente se permitir\u00e1 nuevamente la tradicional feria en Monterrico.<\/p>\n\n\n\n<p>As\u00ed lo manifest\u00f3 la Contadora del predio ferial de la ciudad de Monterrico, Patricia Vacaflor. Afirm\u00f3 que la reapertura est\u00e1 prevista para este domingo 11 de octubre siguiendo siempre las medidas de bioseguridad establecidas oportunamente. <\/p>\n\n\n\n<p>Por otro lado, Vacaflor no descarta la posibilidad de nuevos cambios en los protocolos, como los horarios y otras medidas, que se dar\u00e1n a conocer el d\u00eda de ma\u00f1ana, reiterando que las nuevas normas ser\u00e1n para que los feriantes puedan trabajar con normalidad.<\/p>\n\n\n\n<figure class=\"wp-block-image size-large\"><img decoding=\"async\" loading=\"lazy\" width=\"480\" height=\"270\" src=\"https:\/\/notinor.com\/jujuy\/wp-content\/uploads\/2020\/10\/IMG-20201008-WA0023.jpg\" alt=\"\" class=\"wp-image-270127\"\/><\/figure>\n","protected":false},"excerpt":{"rendered":"<p>Contin\u00faan flexibiliz\u00e1ndose actividades en distintos puntos de la provincia. Con la meseta en la curva de contagios comenzaron a habilitarse diversas actividades en los distintos puntos de la provincia. Entonces, este domingo finalmente se permitir\u00e1 nuevamente la tradicional feria en Monterrico. As\u00ed lo manifest\u00f3 la Contadora del predio ferial de la ciudad de Monterrico, Patricia [&hellip;]<\/p>\n","protected":false},"author":1,"featured_media":270126,"comment_status":"open","ping_status":"open","sticky":false,"template":"","format":"standard","meta":{"_stopmodifiedupdate":false,"_modified_date":"","inline_featured_image":false,"spay_email":"","jetpack_publicize_message":""},"categories":[4],"tags":[],"jetpack_featured_media_url":"https:\/\/notinor.com\/jujuy\/wp-content\/uploads\/2020\/10\/IMG-20201008-WA0022.jpg","jetpack_publicize_connections":[],"_links":{"self":[{"href":"https:\/\/notinor.com\/jujuy\/wp-json\/wp\/v2\/posts\/270123"}],"collection":[{"href":"https:\/\/notinor.com\/jujuy\/wp-json\/wp\/v2\/posts"}],"about":[{"href":"https:\/\/notinor.com\/jujuy\/wp-json\/wp\/v2\/types\/post"}],"author":[{"embeddable":true,"href":"https:\/\/notinor.com\/jujuy\/wp-json\/wp\/v2\/users\/1"}],"replies":[{"embeddable":true,"href":"https:\/\/notinor.com\/jujuy\/wp-json\/wp\/v2\/comments?post=270123"}],"version-history":[{"count":1,"href":"https:\/\/notinor.com\/jujuy\/wp-json\/wp\/v2\/posts\/270123\/revisions"}],"predecessor-version":[{"id":270131,"href":"https:\/\/notinor.com\/jujuy\/wp-json\/wp\/v2\/posts\/270123\/revisions\/270131"}],"wp:featuredmedia":[{"embeddable":true,"href":"https:\/\/notinor.com\/jujuy\/wp-json\/wp\/v2\/media\/270126"}],"wp:attachment":[{"href":"https:\/\/notinor.com\/jujuy\/wp-json\/wp\/v2\/media?parent=270123"}],"wp:term":[{"taxonomy":"category","embeddable":true,"href":"https:\/\/notinor.com\/jujuy\/wp-json\/wp\/v2\/categories?post=270123"},{"taxonomy":"post_tag","embeddable":true,"href":"https:\/\/notinor.com\/jujuy\/wp-json\/wp\/v2\/tags?post=270123"}],"curies":[{"name":"wp","href":"https:\/\/api.w.org\/{rel}","templated":true}]}}