{"id":270068,"date":"2020-10-08T12:36:17","date_gmt":"2020-10-08T15:36:17","guid":{"rendered":"https:\/\/notinor.com\/jujuy\/?p=270068"},"modified":"2020-10-08T12:36:23","modified_gmt":"2020-10-08T15:36:23","slug":"atencion-musicos-jujenos-convocan-a-bandas-de-rock-y-solistas-para-importante-festival","status":"publish","type":"post","link":"https:\/\/notinor.com\/jujuy\/atencion-musicos-jujenos-convocan-a-bandas-de-rock-y-solistas-para-importante-festival\/","title":{"rendered":"\u00a1Atenci\u00f3n m\u00fasicos juje\u00f1os! convocan a bandas de rock y solistas para importante festival"},"content":{"rendered":"\n<p>El ministerio de Cultura y Turismo invito a banda de rock y solista a inscribirse hasta el 16 del presente mes, con el fin de participar de la convocatoria del Festival Ciudad Emergente \u201cExperiencia Emergente\u201d #Cultura Rock, \u00a0organizado por el Ministerio de Cultura de Buenos Aires.\u00a0 Los 50 grupos o solistas elegidos tendr\u00e1n la posibilidad de capacitarse virtualmente junto a artistas y profesionales de la m\u00fasica durante los \u00faltimos meses de 2020.<\/p>\n\n\n\n<figure class=\"wp-block-image size-large\"><img decoding=\"async\" loading=\"lazy\" width=\"800\" height=\"450\" src=\"https:\/\/notinor.com\/jujuy\/wp-content\/uploads\/2020\/10\/GRQTIOJQGNQWGYZUGJQWKYTDGI.jpg\" alt=\"\" class=\"wp-image-270070\" srcset=\"https:\/\/notinor.com\/jujuy\/wp-content\/uploads\/2020\/10\/GRQTIOJQGNQWGYZUGJQWKYTDGI.jpg 800w, https:\/\/notinor.com\/jujuy\/wp-content\/uploads\/2020\/10\/GRQTIOJQGNQWGYZUGJQWKYTDGI-649x365.jpg 649w, https:\/\/notinor.com\/jujuy\/wp-content\/uploads\/2020\/10\/GRQTIOJQGNQWGYZUGJQWKYTDGI-500x280.jpg 500w, https:\/\/notinor.com\/jujuy\/wp-content\/uploads\/2020\/10\/GRQTIOJQGNQWGYZUGJQWKYTDGI-768x432.jpg 768w, https:\/\/notinor.com\/jujuy\/wp-content\/uploads\/2020\/10\/GRQTIOJQGNQWGYZUGJQWKYTDGI-750x422.jpg 750w\" sizes=\"(max-width: 800px) 100vw, 800px\" \/><\/figure>\n\n\n\n<p>Adem\u00e1s, &nbsp;tras una segunda selecci\u00f3n, 12 de ellos tocar\u00e1n en diferentes escenarios de Capital Federal durante 2021 y en el escenario principal de la pr\u00f3xima edici\u00f3n del festival Ciudad Emergente.<\/p>\n\n\n\n<p>Las 50 bandas seleccionadas recibir\u00e1n $20.000 y la posibilidad de vivir la Experiencia Emergente, que consiste en un espacio de intercambio con profesionales del ambiente musical argentino con encuentros, capacitaciones y tips que los ayudar\u00e1n a mejorar sus carreras art\u00edsticas. Propiciando de esta manera un punto de encuentro para generar sinergia entre todas las bandas participantes.<\/p>\n\n\n\n<p>Las capacitaciones de la Experiencia ser\u00e1n en diferentes tem\u00e1ticas como: Producci\u00f3n musical y art\u00edstica (Bambi), Redes sociales, (Sylvie Piccolotto) styling (Ver\u00f3nica Ivaldi), management (Diego Knoblovits), distribuci\u00f3n digital (Patricio Feely), shows v\u00eda streaming (Carlos Mazal\u00e1n), asesoramiento legal (Esteban Agatiello) e identidad visual (Manuel Waldman y Felix Sainz).<\/p>\n\n\n\n<p>Al finalizar la Experiencia Emergente #CulturaRock, el jurado seleccionar\u00e1 a 12 bandas para que toquen en los escenarios de la Ciudad durante el verano 2021 y culminen su recorrido en el Escenario principal del pr\u00f3ximo Festival Ciudad Emergente.<\/p>\n\n\n\n<p>Los interesados podr\u00e1n acceder a la convocatoria \u00fanicamente a trav\u00e9s del formulario de inscripci\u00f3n online que se encuentra alojado en la p\u00e1gina web &nbsp;<a href=\"http:\/\/www.buenosaires.gob.ar\/festivalesba\">www.buenosaires.gob.ar\/festivalesba<\/a>&nbsp;&nbsp;&nbsp;. Las inscripciones podr\u00e1n ser efectuadas a trav\u00e9s de dicho medio, hasta las 23:59 hs. del d\u00eda 16 de Octubre de 2020.<\/p>\n\n\n\n<p>Para mayor informaci\u00f3n ingresar a&nbsp;<a href=\"http:\/\/www.buenosaires.gob.ar\/festivalesba\/convocatoria-experiencia-emergente-bases-y-condiciones\">www.buenosaires.gob.ar\/festivalesba\/convocatoria-experiencia-emergente-bases-y-condiciones<\/a>&nbsp;.-<\/p>\n","protected":false},"excerpt":{"rendered":"<p>El ministerio de Cultura y Turismo invito a banda de rock y solista a inscribirse hasta el 16 del presente mes, con el fin de participar de la convocatoria del Festival Ciudad Emergente \u201cExperiencia Emergente\u201d #Cultura Rock, \u00a0organizado por el Ministerio de Cultura de Buenos Aires.\u00a0 Los 50 grupos o solistas elegidos tendr\u00e1n la posibilidad [&hellip;]<\/p>\n","protected":false},"author":37,"featured_media":270070,"comment_status":"open","ping_status":"open","sticky":false,"template":"","format":"standard","meta":{"_stopmodifiedupdate":false,"_modified_date":"","inline_featured_image":false,"spay_email":"","jetpack_publicize_message":""},"categories":[13],"tags":[],"jetpack_featured_media_url":"https:\/\/notinor.com\/jujuy\/wp-content\/uploads\/2020\/10\/GRQTIOJQGNQWGYZUGJQWKYTDGI.jpg","jetpack_publicize_connections":[],"_links":{"self":[{"href":"https:\/\/notinor.com\/jujuy\/wp-json\/wp\/v2\/posts\/270068"}],"collection":[{"href":"https:\/\/notinor.com\/jujuy\/wp-json\/wp\/v2\/posts"}],"about":[{"href":"https:\/\/notinor.com\/jujuy\/wp-json\/wp\/v2\/types\/post"}],"author":[{"embeddable":true,"href":"https:\/\/notinor.com\/jujuy\/wp-json\/wp\/v2\/users\/37"}],"replies":[{"embeddable":true,"href":"https:\/\/notinor.com\/jujuy\/wp-json\/wp\/v2\/comments?post=270068"}],"version-history":[{"count":1,"href":"https:\/\/notinor.com\/jujuy\/wp-json\/wp\/v2\/posts\/270068\/revisions"}],"predecessor-version":[{"id":270071,"href":"https:\/\/notinor.com\/jujuy\/wp-json\/wp\/v2\/posts\/270068\/revisions\/270071"}],"wp:featuredmedia":[{"embeddable":true,"href":"https:\/\/notinor.com\/jujuy\/wp-json\/wp\/v2\/media\/270070"}],"wp:attachment":[{"href":"https:\/\/notinor.com\/jujuy\/wp-json\/wp\/v2\/media?parent=270068"}],"wp:term":[{"taxonomy":"category","embeddable":true,"href":"https:\/\/notinor.com\/jujuy\/wp-json\/wp\/v2\/categories?post=270068"},{"taxonomy":"post_tag","embeddable":true,"href":"https:\/\/notinor.com\/jujuy\/wp-json\/wp\/v2\/tags?post=270068"}],"curies":[{"name":"wp","href":"https:\/\/api.w.org\/{rel}","templated":true}]}}