{"id":270065,"date":"2020-10-08T12:28:03","date_gmt":"2020-10-08T15:28:03","guid":{"rendered":"https:\/\/notinor.com\/jujuy\/?p=270065"},"modified":"2020-10-08T12:28:08","modified_gmt":"2020-10-08T15:28:08","slug":"ultimo-plazo-para-inscribirse-al-beneficio-de-la-tarifa-de-energia-electrica","status":"publish","type":"post","link":"https:\/\/notinor.com\/jujuy\/ultimo-plazo-para-inscribirse-al-beneficio-de-la-tarifa-de-energia-electrica\/","title":{"rendered":"\u00daltimo plazo para inscribirse al beneficio de la tarifa de energ\u00eda el\u00e9ctrica"},"content":{"rendered":"\n<p>El Ministerio de Cultura y Turismo a trav\u00e9s de la Secretar\u00eda de Cultura record\u00f3 que hasta el pr\u00f3ximo lunes, 13 de octubre, \u00a0est\u00e1 abierta la 3ra. Convocatoria para acceder\u00a0 a la Tarifa de Energ\u00eda El\u00e9ctrica con Subsidio Provincial por Covid -19,\u00a0 destinada a escuelas art\u00edsticas, centros culturales, artistas y artesanos de la Provincia.<\/p>\n\n\n\n<figure class=\"wp-block-image\"><img decoding=\"async\" src=\"http:\/\/prensa.jujuy.gob.ar\/wp-content\/uploads\/sites\/37\/2020\/09\/WhatsApp-Image-2020-09-30-at-12.28.05-1024x1024.jpeg\" alt=\"\"\/><\/figure>\n\n\n\n<p>Vale mencionar que en el caso de los artistas y artesanos deben estar inscriptos en el Registro Provincial de Artistas, poseer certificado de negatividad del ANSES y no deben contar con otro beneficio en cuanto al servicio el\u00e9ctrico<\/p>\n\n\n\n<p>En tanto, los espacios culturales adem\u00e1s,&nbsp; de estar inscriptos en el Registro provincial de artistas, la instituci\u00f3n o el director\/responsable deben estar inscripto en AFIP y Rentas.<\/p>\n\n\n\n<p>Los interesados en beneficiarse con esta 3ra. Convocatoria,\u00a0 podr\u00e1n recabar mayor informaci\u00f3n e \u00a0\u00a0inscribirse\u00a0 a trav\u00e9s de la plataforma de la Secretar\u00eda de Cultura www.cultura.jujuy.gob.ar.<\/p>\n\n\n\n<figure class=\"wp-block-image\"><img decoding=\"async\" src=\"http:\/\/prensa.jujuy.gob.ar\/wp-content\/uploads\/sites\/37\/2020\/09\/WhatsApp-Image-2020-09-30-at-12.28.19-1024x1024.jpeg\" alt=\"\"\/><\/figure>\n","protected":false},"excerpt":{"rendered":"<p>El Ministerio de Cultura y Turismo a trav\u00e9s de la Secretar\u00eda de Cultura record\u00f3 que hasta el pr\u00f3ximo lunes, 13 de octubre, \u00a0est\u00e1 abierta la 3ra. Convocatoria para acceder\u00a0 a la Tarifa de Energ\u00eda El\u00e9ctrica con Subsidio Provincial por Covid -19,\u00a0 destinada a escuelas art\u00edsticas, centros culturales, artistas y artesanos de la Provincia. Vale mencionar [&hellip;]<\/p>\n","protected":false},"author":37,"featured_media":270066,"comment_status":"open","ping_status":"open","sticky":false,"template":"","format":"standard","meta":{"_stopmodifiedupdate":false,"_modified_date":"","inline_featured_image":false,"spay_email":"","jetpack_publicize_message":""},"categories":[13],"tags":[],"jetpack_featured_media_url":"https:\/\/notinor.com\/jujuy\/wp-content\/uploads\/2020\/10\/subsidios.jpg","jetpack_publicize_connections":[],"_links":{"self":[{"href":"https:\/\/notinor.com\/jujuy\/wp-json\/wp\/v2\/posts\/270065"}],"collection":[{"href":"https:\/\/notinor.com\/jujuy\/wp-json\/wp\/v2\/posts"}],"about":[{"href":"https:\/\/notinor.com\/jujuy\/wp-json\/wp\/v2\/types\/post"}],"author":[{"embeddable":true,"href":"https:\/\/notinor.com\/jujuy\/wp-json\/wp\/v2\/users\/37"}],"replies":[{"embeddable":true,"href":"https:\/\/notinor.com\/jujuy\/wp-json\/wp\/v2\/comments?post=270065"}],"version-history":[{"count":1,"href":"https:\/\/notinor.com\/jujuy\/wp-json\/wp\/v2\/posts\/270065\/revisions"}],"predecessor-version":[{"id":270067,"href":"https:\/\/notinor.com\/jujuy\/wp-json\/wp\/v2\/posts\/270065\/revisions\/270067"}],"wp:featuredmedia":[{"embeddable":true,"href":"https:\/\/notinor.com\/jujuy\/wp-json\/wp\/v2\/media\/270066"}],"wp:attachment":[{"href":"https:\/\/notinor.com\/jujuy\/wp-json\/wp\/v2\/media?parent=270065"}],"wp:term":[{"taxonomy":"category","embeddable":true,"href":"https:\/\/notinor.com\/jujuy\/wp-json\/wp\/v2\/categories?post=270065"},{"taxonomy":"post_tag","embeddable":true,"href":"https:\/\/notinor.com\/jujuy\/wp-json\/wp\/v2\/tags?post=270065"}],"curies":[{"name":"wp","href":"https:\/\/api.w.org\/{rel}","templated":true}]}}