{"id":270064,"date":"2020-10-08T12:40:04","date_gmt":"2020-10-08T15:40:04","guid":{"rendered":"https:\/\/notinor.com\/jujuy\/?p=270064"},"modified":"2020-10-08T12:40:09","modified_gmt":"2020-10-08T15:40:09","slug":"debaten-la-elaboracion-de-la-ley-de-emergencia-publica-en-violencia-de-genero","status":"publish","type":"post","link":"https:\/\/notinor.com\/jujuy\/debaten-la-elaboracion-de-la-ley-de-emergencia-publica-en-violencia-de-genero\/","title":{"rendered":"Debaten la elaboraci\u00f3n de la Ley de Emergencia P\u00fablica en Violencia de G\u00e9nero"},"content":{"rendered":"\n<p>La jornada de debate se desarrolla en la Legislatura de Jujuy, diversas organizaciones se encuentran exponiendo sus argumentos a los diputados.<\/p>\n\n\n\n<figure class=\"wp-block-image size-large\"><img decoding=\"async\" loading=\"lazy\" width=\"840\" height=\"473\" src=\"https:\/\/notinor.com\/jujuy\/wp-content\/uploads\/2020\/10\/emergencia-de-genero-840x473.jpeg\" alt=\"\" class=\"wp-image-270069\" srcset=\"https:\/\/notinor.com\/jujuy\/wp-content\/uploads\/2020\/10\/emergencia-de-genero-840x473.jpeg 840w, https:\/\/notinor.com\/jujuy\/wp-content\/uploads\/2020\/10\/emergencia-de-genero-648x365.jpeg 648w, https:\/\/notinor.com\/jujuy\/wp-content\/uploads\/2020\/10\/emergencia-de-genero-768x432.jpeg 768w, https:\/\/notinor.com\/jujuy\/wp-content\/uploads\/2020\/10\/emergencia-de-genero-750x422.jpeg 750w, https:\/\/notinor.com\/jujuy\/wp-content\/uploads\/2020\/10\/emergencia-de-genero.jpeg 1032w\" sizes=\"(max-width: 840px) 100vw, 840px\" \/><\/figure>\n\n\n\n<p>En horas de la ma\u00f1ana dio inicio en la Legislatura juje\u00f1a <strong>el debate para la elaboraci\u00f3n del proyecto de Ley de Emergencia P\u00fablica contra la Violencia de G\u00e9nero<\/strong>. Este debate fue anticipado el pasado lunes durante una reuni\u00f3n de la Comisi\u00f3n de Igualdad de G\u00e9nero del \u00f3rgano parlamentario.<\/p>\n\n\n\n<p>Estas reuniones se extender\u00e1n a lo largo de los d\u00edas, all\u00ed se <strong>evaluar\u00e1n los proyectos presentados en la Legislatura <\/strong>y los aportes de familiares de victimas de femicidio, colectivos feministas, ONGs abocadas a la problem\u00e1tica, grupos sociales, pol\u00edticos y gremiales. <strong>Con todos estos aportes se elaborar\u00e1 un proyecto de Ley.<\/strong><\/p>\n\n\n\n<p>Las legisladoras que conformar a la Comisi\u00f3n de G\u00e9nero har\u00e1n una reflexi\u00f3n, tambi\u00e9n podr\u00e1n hacerlo los familiares de las v\u00edctimas de femicidio y desaparecidas. Adem\u00e1s, cada organizaci\u00f3n tambi\u00e9n dispondr\u00e1 de tiempo para exponer sus argumentos y planteos ante los diputados.<\/p>\n\n\n\n<p><strong>Leila Chaher,\u00a0presidenta de la Comisi\u00f3n de Igualdad de G\u00e9nero<\/strong>, afirm\u00f3: \"estas organizaciones son las que mejor conocen la realidad y las necesidades ya que trabajan d\u00eda a d\u00eda previniendo y acompa\u00f1ando a las mujeres y la diversidad en el territorio, en cada barrio, ciudad, comunidades, escuelas y universidades\".<\/p>\n\n\n\n<figure class=\"wp-block-embed-youtube wp-block-embed is-type-video is-provider-youtube wp-embed-aspect-4-3 wp-has-aspect-ratio\"><div class=\"wp-block-embed__wrapper\">\n<div class=\"jeg_video_container jeg_video_content\"><iframe loading=\"lazy\" title=\"Emisi\u00f3n en directo -\" width=\"500\" height=\"375\" src=\"https:\/\/www.youtube.com\/embed\/NU_roEfooks?feature=oembed\" frameborder=\"0\" allow=\"accelerometer; autoplay; clipboard-write; encrypted-media; gyroscope; picture-in-picture\" allowfullscreen><\/iframe><\/div>\n<\/div><\/figure>\n","protected":false},"excerpt":{"rendered":"<p>La jornada de debate se desarrolla en la Legislatura de Jujuy, diversas organizaciones se encuentran exponiendo sus argumentos a los diputados. En horas de la ma\u00f1ana dio inicio en la Legislatura juje\u00f1a el debate para la elaboraci\u00f3n del proyecto de Ley de Emergencia P\u00fablica contra la Violencia de G\u00e9nero. Este debate fue anticipado el pasado [&hellip;]<\/p>\n","protected":false},"author":1,"featured_media":270069,"comment_status":"open","ping_status":"open","sticky":false,"template":"","format":"standard","meta":{"_stopmodifiedupdate":false,"_modified_date":"","inline_featured_image":false,"spay_email":"","jetpack_publicize_message":""},"categories":[501],"tags":[],"jetpack_featured_media_url":"https:\/\/notinor.com\/jujuy\/wp-content\/uploads\/2020\/10\/emergencia-de-genero.jpeg","jetpack_publicize_connections":[],"_links":{"self":[{"href":"https:\/\/notinor.com\/jujuy\/wp-json\/wp\/v2\/posts\/270064"}],"collection":[{"href":"https:\/\/notinor.com\/jujuy\/wp-json\/wp\/v2\/posts"}],"about":[{"href":"https:\/\/notinor.com\/jujuy\/wp-json\/wp\/v2\/types\/post"}],"author":[{"embeddable":true,"href":"https:\/\/notinor.com\/jujuy\/wp-json\/wp\/v2\/users\/1"}],"replies":[{"embeddable":true,"href":"https:\/\/notinor.com\/jujuy\/wp-json\/wp\/v2\/comments?post=270064"}],"version-history":[{"count":1,"href":"https:\/\/notinor.com\/jujuy\/wp-json\/wp\/v2\/posts\/270064\/revisions"}],"predecessor-version":[{"id":270073,"href":"https:\/\/notinor.com\/jujuy\/wp-json\/wp\/v2\/posts\/270064\/revisions\/270073"}],"wp:featuredmedia":[{"embeddable":true,"href":"https:\/\/notinor.com\/jujuy\/wp-json\/wp\/v2\/media\/270069"}],"wp:attachment":[{"href":"https:\/\/notinor.com\/jujuy\/wp-json\/wp\/v2\/media?parent=270064"}],"wp:term":[{"taxonomy":"category","embeddable":true,"href":"https:\/\/notinor.com\/jujuy\/wp-json\/wp\/v2\/categories?post=270064"},{"taxonomy":"post_tag","embeddable":true,"href":"https:\/\/notinor.com\/jujuy\/wp-json\/wp\/v2\/tags?post=270064"}],"curies":[{"name":"wp","href":"https:\/\/api.w.org\/{rel}","templated":true}]}}