{"id":270061,"date":"2020-10-08T12:11:11","date_gmt":"2020-10-08T15:11:11","guid":{"rendered":"https:\/\/notinor.com\/jujuy\/?p=270061"},"modified":"2020-10-08T12:11:16","modified_gmt":"2020-10-08T15:11:16","slug":"gerardo-morales-mantuvo-una-reunion-con-el-sector-de-la-construccion","status":"publish","type":"post","link":"https:\/\/notinor.com\/jujuy\/gerardo-morales-mantuvo-una-reunion-con-el-sector-de-la-construccion\/","title":{"rendered":"Gerardo Morales mantuvo una reuni\u00f3n con el sector de la construcci\u00f3n"},"content":{"rendered":"\n<p>El Gobernador de la Provincia, Gerardo Morales, se reuni\u00f3 junto a los representantes de la C\u00e1mara Juje\u00f1a de la Construcci\u00f3n y la UOCRA, oportunidad en la que dialogaron sobre las necesidades del sector y los programas provinciales planificados para contemplar dichos requerimientos.<\/p>\n\n\n\n<figure class=\"is-layout-flex wp-block-gallery-1 wp-block-gallery columns-1 is-cropped\"><ul class=\"blocks-gallery-grid\"><li class=\"blocks-gallery-item\"><figure><img decoding=\"async\" loading=\"lazy\" width=\"840\" height=\"472\" src=\"https:\/\/notinor.com\/jujuy\/wp-content\/uploads\/2020\/10\/WhatsApp-Image-2020-10-08-at-08.51.52-1140x641-1-840x472.jpeg\" alt=\"\" data-id=\"270062\" data-full-url=\"https:\/\/notinor.com\/jujuy\/wp-content\/uploads\/2020\/10\/WhatsApp-Image-2020-10-08-at-08.51.52-1140x641-1.jpeg\" data-link=\"https:\/\/notinor.com\/jujuy\/?attachment_id=270062\" class=\"wp-image-270062\" srcset=\"https:\/\/notinor.com\/jujuy\/wp-content\/uploads\/2020\/10\/WhatsApp-Image-2020-10-08-at-08.51.52-1140x641-1-840x472.jpeg 840w, https:\/\/notinor.com\/jujuy\/wp-content\/uploads\/2020\/10\/WhatsApp-Image-2020-10-08-at-08.51.52-1140x641-1-649x365.jpeg 649w, https:\/\/notinor.com\/jujuy\/wp-content\/uploads\/2020\/10\/WhatsApp-Image-2020-10-08-at-08.51.52-1140x641-1-500x280.jpeg 500w, https:\/\/notinor.com\/jujuy\/wp-content\/uploads\/2020\/10\/WhatsApp-Image-2020-10-08-at-08.51.52-1140x641-1-768x432.jpeg 768w, https:\/\/notinor.com\/jujuy\/wp-content\/uploads\/2020\/10\/WhatsApp-Image-2020-10-08-at-08.51.52-1140x641-1-750x422.jpeg 750w, https:\/\/notinor.com\/jujuy\/wp-content\/uploads\/2020\/10\/WhatsApp-Image-2020-10-08-at-08.51.52-1140x641-1.jpeg 1140w\" sizes=\"(max-width: 840px) 100vw, 840px\" \/><\/figure><\/li><\/ul><\/figure>\n\n\n\n<p>En ese sentido, Morales ratific\u00f3 el compromiso de \u201cgestionar ente Naci\u00f3n los fondos necesarios para ampliar y reactivar fuertemente la obra p\u00fablica\u201d, a fin de \u201cgenerar mucha mano de obra para el sector de la construcci\u00f3n\u201d.<\/p>\n\n\n\n<p>Ratific\u00f3 el inminente relanzamiento del Plan Provincial de Vivienda, el cual contempla inicialmente una ejecuci\u00f3n m\u00ednima en una primera instancia de 120 viviendas.<\/p>\n\n\n\n<p>Indicando adem\u00e1s que, continuando esta l\u00ednea, \u201cse encuentra avanzado el programa vinculado a la construcci\u00f3n, mejoramiento y revalorizaci\u00f3n de las instituciones educativas provinciales\u201d.<\/p>\n\n\n\n<p>Finalmente, sostuvo que, adem\u00e1s de los planes y programas anunciados, se est\u00e1 avanzando, junto a una solicitud enviada al Gobierno Nacional, para la confecci\u00f3n de un Fondo Provincial destinado a financiar distintas obras p\u00fablicas en el territorio juje\u00f1o.<\/p>\n\n\n\n<p>Participaron de la reuni\u00f3n, el ministro de Infraestructura, Servicios P\u00fablicos, Tierra y Vivienda, Carlos Stanic y el titular del Instituto de Vivienda y Urbanismo de Jujuy, Gustavo Muro.<\/p>\n","protected":false},"excerpt":{"rendered":"<p>El Gobernador de la Provincia, Gerardo Morales, se reuni\u00f3 junto a los representantes de la C\u00e1mara Juje\u00f1a de la Construcci\u00f3n y la UOCRA, oportunidad en la que dialogaron sobre las necesidades del sector y los programas provinciales planificados para contemplar dichos requerimientos. En ese sentido, Morales ratific\u00f3 el compromiso de \u201cgestionar ente Naci\u00f3n los fondos [&hellip;]<\/p>\n","protected":false},"author":37,"featured_media":270062,"comment_status":"open","ping_status":"open","sticky":false,"template":"","format":"standard","meta":{"_stopmodifiedupdate":false,"_modified_date":"","inline_featured_image":false,"spay_email":"","jetpack_publicize_message":""},"categories":[501],"tags":[],"jetpack_featured_media_url":"https:\/\/notinor.com\/jujuy\/wp-content\/uploads\/2020\/10\/WhatsApp-Image-2020-10-08-at-08.51.52-1140x641-1.jpeg","jetpack_publicize_connections":[],"_links":{"self":[{"href":"https:\/\/notinor.com\/jujuy\/wp-json\/wp\/v2\/posts\/270061"}],"collection":[{"href":"https:\/\/notinor.com\/jujuy\/wp-json\/wp\/v2\/posts"}],"about":[{"href":"https:\/\/notinor.com\/jujuy\/wp-json\/wp\/v2\/types\/post"}],"author":[{"embeddable":true,"href":"https:\/\/notinor.com\/jujuy\/wp-json\/wp\/v2\/users\/37"}],"replies":[{"embeddable":true,"href":"https:\/\/notinor.com\/jujuy\/wp-json\/wp\/v2\/comments?post=270061"}],"version-history":[{"count":1,"href":"https:\/\/notinor.com\/jujuy\/wp-json\/wp\/v2\/posts\/270061\/revisions"}],"predecessor-version":[{"id":270063,"href":"https:\/\/notinor.com\/jujuy\/wp-json\/wp\/v2\/posts\/270061\/revisions\/270063"}],"wp:featuredmedia":[{"embeddable":true,"href":"https:\/\/notinor.com\/jujuy\/wp-json\/wp\/v2\/media\/270062"}],"wp:attachment":[{"href":"https:\/\/notinor.com\/jujuy\/wp-json\/wp\/v2\/media?parent=270061"}],"wp:term":[{"taxonomy":"category","embeddable":true,"href":"https:\/\/notinor.com\/jujuy\/wp-json\/wp\/v2\/categories?post=270061"},{"taxonomy":"post_tag","embeddable":true,"href":"https:\/\/notinor.com\/jujuy\/wp-json\/wp\/v2\/tags?post=270061"}],"curies":[{"name":"wp","href":"https:\/\/api.w.org\/{rel}","templated":true}]}}