{"id":270050,"date":"2020-10-08T10:56:57","date_gmt":"2020-10-08T13:56:57","guid":{"rendered":"https:\/\/notinor.com\/jujuy\/?p=270050"},"modified":"2022-04-29T17:33:51","modified_gmt":"2022-04-29T20:33:51","slug":"los-5-items-de-moda-indispensables-de-esta-primavera-segun-alexa-chung","status":"publish","type":"post","link":"https:\/\/notinor.com\/jujuy\/los-5-items-de-moda-indispensables-de-esta-primavera-segun-alexa-chung\/","title":{"rendered":"Los 5 \u00edtems de moda indispensables de esta primavera seg\u00fan Alexa Chung"},"content":{"rendered":"\n<h2>La it girl y empresaria acaba de lanzar su colecci\u00f3n primavera verano 2021. Sus looks siempre se destacan y est\u00e1n entre los mejores. Por eso, esta vez espiamos los \u00edtems de su propuesta de temporada para saber cu\u00e1les son las tendencias que debemos tener en cuenta.<\/h2>\n\n\n\n<figure class=\"wp-block-image\"><img decoding=\"async\" src=\"https:\/\/www.parati.com.ar\/wp-content\/uploads\/2020\/10\/alexachung_120891914_198354094991702_7797366373040095346_n-834x1024.jpg\" alt=\"\" class=\"wp-image-2616812\"\/><figcaption>Los looks de Alexa Chung siempre se destacan. Foto: Ig<\/figcaption><\/figure>\n\n\n\n<p>Ella ama la moda. Tanto que acaba de lanzar su nueva colecci\u00f3n primavera verano 2021. Hablamos de Alexa Chung, la it girl y empresaria cuyos looks inspiran a todo el mundo. Ac\u00e1 rescatamos las 4 tendencias que no te deben faltar esta temporada en tu placard seg\u00fan la mirada de Alexa.<\/p>\n\n\n\n<h3>1. Vestidos por debajo de la rodilla<\/h3>\n\n\n\n<figure class=\"wp-block-image\"><img decoding=\"async\" src=\"https:\/\/www.parati.com.ar\/wp-content\/uploads\/2020\/10\/ALEXA-17-FOTONOTICIAS-683x1024.jpg\" alt=\"\" class=\"wp-image-2616806\"\/><figcaption>Colecci\u00f3n de Alexa Chung. Foto: Fotonoticias.<\/figcaption><\/figure>\n\n\n\n<p>Para Alexa los vestidos de esta temporada&nbsp;<strong>se llevan por debajo de la rodilla o de largo midi.<\/strong><\/p>\n\n\n\n<figure class=\"wp-block-image\"><img decoding=\"async\" src=\"https:\/\/www.parati.com.ar\/wp-content\/uploads\/2020\/10\/ALEXA-3-FOTONOTICIAS-683x1024.jpg\" alt=\"\" class=\"wp-image-2616797\"\/><figcaption>Colecci\u00f3n de Alexa Chung. Foto: Fotonoticias.<\/figcaption><\/figure>\n\n\n\n<p><strong>Suelto, con mangas abullonadas y que no sea liso<\/strong>&nbsp;es otra de las consignas. Las estampas se usan \u00a1y mucho!<\/p>\n\n\n\n<figure class=\"wp-block-image\"><img decoding=\"async\" src=\"https:\/\/www.parati.com.ar\/wp-content\/uploads\/2020\/10\/ALEXA-13-FOTONOTICIAS-683x1024.jpg\" alt=\"\" class=\"wp-image-2616803\"\/><figcaption>Colecci\u00f3n de Alexa Chung. Foto: Fotonoticias.<\/figcaption><\/figure>\n\n\n\n<p><strong>Y al vestido camisero lo reinventa<\/strong>&nbsp;sum\u00e1ndole un detalle vintage con volado en el frente y una estampa de rayas. \u00a1Divino!<\/p>\n\n\n\n<figure class=\"wp-block-image\"><img decoding=\"async\" src=\"https:\/\/www.parati.com.ar\/wp-content\/uploads\/2020\/10\/ALEXA-10-FOTONOTICIAS-683x1024.jpg\" alt=\"\" class=\"wp-image-2616802\"\/><figcaption>Colecci\u00f3n de Alexa Chung. Foto: Fotonoticias.<\/figcaption><\/figure>\n\n\n\n<p>El cl\u00e1sico vestido negro tiene puntillas y detalles de transparencias en mangas. Adem\u00e1s mo\u00f1o que remata en escote bastante pronunciado. S\u00faper rom\u00e1ntico.<\/p>\n\n\n\n<h3>2. La gamuza en primavera<\/h3>\n\n\n\n<figure class=\"wp-block-image\"><img decoding=\"async\" src=\"https:\/\/www.parati.com.ar\/wp-content\/uploads\/2020\/10\/ALEXA-18-FOTONOTICIAS-683x1024.jpg\" alt=\"\" class=\"wp-image-2616807\"\/><figcaption>Colecci\u00f3n de Alexa Chung. Foto: Fotonoticias.<\/figcaption><\/figure>\n\n\n\n<p><strong>Es raro pensar en gamuza en primavera cuando la temperatura empieza a trepar. Pero es una tendencia que se est\u00e1 viendo mucho en Europa.<\/strong>&nbsp;Y algunas marcas ya la incorporaron a sus colecciones primavera verano.<\/p>\n\n\n\n<figure class=\"wp-block-image\"><img decoding=\"async\" src=\"https:\/\/www.parati.com.ar\/wp-content\/uploads\/2020\/10\/ALEXA-4-FOTONOTICIAS-683x1024.jpg\" alt=\"\" class=\"wp-image-2616798\"\/><figcaption>Colecci\u00f3n de Alexa Chung. Foto: Fotonoticias.<\/figcaption><\/figure>\n\n\n\n<h3>3. El jardinero<\/h3>\n\n\n\n<figure class=\"wp-block-image\"><img decoding=\"async\" src=\"https:\/\/www.parati.com.ar\/wp-content\/uploads\/2020\/10\/ALEXA-5-FOTONOTICIAS-683x1024.jpg\" alt=\"\" class=\"wp-image-2616799\"\/><figcaption>Colecci\u00f3n de Alexa Chung. Foto: Fotonoticias.<\/figcaption><\/figure>\n\n\n\n<p>Otro \u00edtem rescatado de los a\u00f1os setenta: el jardinero. Alexa le sum\u00f3 un cierre en el frente y rayas.<\/p>\n\n\n\n<h3>4. El estilo oriental<\/h3>\n\n\n\n<figure class=\"wp-block-image\"><img decoding=\"async\" src=\"https:\/\/www.parati.com.ar\/wp-content\/uploads\/2020\/10\/ALEXA-19-FOTONOTICIAS-683x1024.jpg\" alt=\"\" class=\"wp-image-2616808\"\/><figcaption>Colecci\u00f3n de Alexa Chung. Foto: Fotonoticias.<\/figcaption><\/figure>\n\n\n\n<p>Uno de los looks m\u00e1s llamativos de la colecci\u00f3n de Alexa&nbsp;<strong>es un total look oriental con estampa s\u00edmil deste\u00f1ida.<\/strong><\/p>\n\n\n\n<h3>5. Pantal\u00f3n pinzado y de tiro alto<\/h3>\n\n\n\n<figure class=\"wp-block-image\"><img decoding=\"async\" src=\"https:\/\/www.parati.com.ar\/wp-content\/uploads\/2020\/10\/ALEXA-9-FOTONOTICIAS-683x1024.jpg\" alt=\"\" class=\"wp-image-2616801\"\/><figcaption>Colecci\u00f3n de Alexa Chung. Foto: Fotonoticias.<\/figcaption><\/figure>\n\n\n\n<p><strong>Los pantalones propuestas por Alexa son de tira alto y pinzas, estilo paper bag.&nbsp;<\/strong>Se usan con la camisa metida adentro.<\/p>\n\n\n\n<figure class=\"wp-block-image\"><img decoding=\"async\" src=\"https:\/\/www.parati.com.ar\/wp-content\/uploads\/2020\/10\/ALEXA-16-FOTONOTICIAS-683x1024.jpg\" alt=\"\" class=\"wp-image-2616805\"\/><figcaption>Colecci\u00f3n de Alexa Chung. Foto: Fotonoticias.<\/figcaption><\/figure>\n","protected":false},"excerpt":{"rendered":"<p>La it girl y empresaria acaba de lanzar su colecci\u00f3n primavera verano 2021. Sus looks siempre se destacan y est\u00e1n entre los mejores. Por eso, esta vez espiamos los \u00edtems de su propuesta de temporada para saber cu\u00e1les son las tendencias que debemos tener en cuenta. Ella ama la moda. Tanto que acaba de lanzar [&hellip;]<\/p>\n","protected":false},"author":40,"featured_media":270054,"comment_status":"open","ping_status":"open","sticky":false,"template":"","format":"standard","meta":{"_stopmodifiedupdate":false,"_modified_date":"","inline_featured_image":false,"spay_email":"","jetpack_publicize_message":""},"categories":[2],"tags":[],"jetpack_featured_media_url":"https:\/\/notinor.com\/jujuy\/wp-content\/uploads\/2020\/10\/11828648_10153179771009541_8469294449850281103_n.jpg","jetpack_publicize_connections":[],"_links":{"self":[{"href":"https:\/\/notinor.com\/jujuy\/wp-json\/wp\/v2\/posts\/270050"}],"collection":[{"href":"https:\/\/notinor.com\/jujuy\/wp-json\/wp\/v2\/posts"}],"about":[{"href":"https:\/\/notinor.com\/jujuy\/wp-json\/wp\/v2\/types\/post"}],"author":[{"embeddable":true,"href":"https:\/\/notinor.com\/jujuy\/wp-json\/wp\/v2\/users\/40"}],"replies":[{"embeddable":true,"href":"https:\/\/notinor.com\/jujuy\/wp-json\/wp\/v2\/comments?post=270050"}],"version-history":[{"count":1,"href":"https:\/\/notinor.com\/jujuy\/wp-json\/wp\/v2\/posts\/270050\/revisions"}],"predecessor-version":[{"id":270056,"href":"https:\/\/notinor.com\/jujuy\/wp-json\/wp\/v2\/posts\/270050\/revisions\/270056"}],"wp:featuredmedia":[{"embeddable":true,"href":"https:\/\/notinor.com\/jujuy\/wp-json\/wp\/v2\/media\/270054"}],"wp:attachment":[{"href":"https:\/\/notinor.com\/jujuy\/wp-json\/wp\/v2\/media?parent=270050"}],"wp:term":[{"taxonomy":"category","embeddable":true,"href":"https:\/\/notinor.com\/jujuy\/wp-json\/wp\/v2\/categories?post=270050"},{"taxonomy":"post_tag","embeddable":true,"href":"https:\/\/notinor.com\/jujuy\/wp-json\/wp\/v2\/tags?post=270050"}],"curies":[{"name":"wp","href":"https:\/\/api.w.org\/{rel}","templated":true}]}}