{"id":270048,"date":"2020-10-08T10:51:34","date_gmt":"2020-10-08T13:51:34","guid":{"rendered":"https:\/\/notinor.com\/jujuy\/?p=270048"},"modified":"2020-10-08T10:51:38","modified_gmt":"2020-10-08T13:51:38","slug":"expectativa-por-la-reunion-decisiva-para-el-regreso-de-las-clases-en-todo-el-pais","status":"publish","type":"post","link":"https:\/\/notinor.com\/jujuy\/expectativa-por-la-reunion-decisiva-para-el-regreso-de-las-clases-en-todo-el-pais\/","title":{"rendered":"Expectativa por la reuni\u00f3n decisiva para el regreso de las clases en todo el pa\u00eds"},"content":{"rendered":"\n<p>El Consejo Federal de Educaci\u00f3n se reunir\u00e1 este jueves para anunciar el criterio epidemiol\u00f3gico con el cual se definir\u00e1 si cada provincia puede o no reabrir sus escuelas. La agenda de la Ciudad y el temor de algunos ministros provinciales, en la negociaci\u00f3n.<\/p>\n\n\n\n<figure class=\"wp-block-image size-large\"><img decoding=\"async\" loading=\"lazy\" width=\"750\" height=\"382\" src=\"https:\/\/notinor.com\/jujuy\/wp-content\/uploads\/2020\/10\/clases.jpg\" alt=\"\" class=\"wp-image-270049\" srcset=\"https:\/\/notinor.com\/jujuy\/wp-content\/uploads\/2020\/10\/clases.jpg 750w, https:\/\/notinor.com\/jujuy\/wp-content\/uploads\/2020\/10\/clases-660x336.jpg 660w\" sizes=\"(max-width: 750px) 100vw, 750px\" \/><\/figure>\n\n\n\n<p>Como si fuera una votaci\u00f3n en el Congreso, cada uno de los ministros de Educaci\u00f3n del pa\u00eds pudo expresar su postura esta semana frente al inminente regreso de las clases.<\/p>\n\n\n\n<p>Sin sillas en esa mesa, los gremios nacionales docentes elevaron su voz contra la medida, que parece estar definida: tanto desde CTERA como UDA plantearon que se necesitan muchos pasos antes de retomar el encuentro entre docentes y alumnos. Enumeraron la inversi\u00f3n para adecuar las ecuelas, los protocolos claros y tambi\u00e9n los salarios -que en muchas provincias a\u00fan no se acordaron-. Tambi\u00e9n alertaron sobre aquellos distritos en los que los casos de coronavirus est\u00e1n en ascenso.<\/p>\n\n\n\n<p>Esa diferencia entre el camino que transita el AMBA, con baja de casos, y el resto del pa\u00eds -que se complic\u00f3 sensiblemente en el \u00faltimo mes y medio- fue una de las principales quejas de los representantes de las provincias. Con di\u00e1logo fluido con el ministro nacional Nicol\u00e1s Trotta, todos coincidian en que no est\u00e1n dadas las condiciones para retomar las clases presenciales, mucho menos ahora cuando sus n\u00fameros crecen a ritmo preocupante.<\/p>\n\n\n\n<p>De ah\u00ed el freno que se puso el martes al anuncio que estaba listo para retomar las clases. El mismo lunes, Sergio Massa sacudi\u00f3 el tablero al declarar que los alumnos del \u00faltimo a\u00f1o de la primaria y el secundario deber\u00edan estar asistiendo a las escuelas. Trotta recogi\u00f3 el guante y adelant\u00f3 que el d\u00eda siguiente \"habr\u00e1 novedades\". No las hubo por la protesta de varios ministros.<\/p>\n\n\n\n<p>La negociaci\u00f3n continu\u00f3 el mi\u00e9rcoles, con una reuni\u00f3n t\u00e9cnica de Salud sobre protocolos y para definir una vez m\u00e1s el famoso \"criterio epidemiol\u00f3gico\" que determinar\u00e1 en qu\u00e9 situaci\u00f3n se encuentra cada provincia. Es algo similar a lo acordado con la Ciudad Aut\u00f3noma de Buenos Aires: se tendr\u00e1 en cuenta la curva de contagios, la ocupaci\u00f3n de camas de terapia intensiva, los datos de las \u00faltimas semanas y la densidad poblacional, entre otras cuestiones.<\/p>\n\n\n\n<p>Tambi\u00e9n se decidi\u00f3 que ser\u00e1 cada gobernador el que decida en qu\u00e9 momento retomar la apertura de escuelas. Para qu\u00e9 cursos y en qu\u00e9 localidades. Trotta lo puso en t\u00e9rmino federales: \"qued\u00f3 en evidencia la amplia diversidad del pa\u00eds\", dijo en la noche del martes, cuando el malestar por la falta de anuncios se hac\u00eda evidente.<\/p>\n\n\n\n<p>Inmersos en una larga disputa respecto del protocolo que presentaron al gobierno nacional, en la Ciudad Aut\u00f3noma de Buenos Aires esperan con ansiedad el resultado del encuentro de este jueves. Tras acordar un criterio con el ministro nacional, Soledad Acu\u00f1a y Horacio Rodriguez Larreta esperan la confirmaci\u00f3n de la luz verde para avanzar.<\/p>\n\n\n\n<p>\"Tenemos todo organizado. Si lo habilitan, empezamos a convocar la semana que viene\", dijeron a Cr\u00f3nica.<\/p>\n\n\n\n<p>M\u00e1s all\u00e1 del entusiasmo, tambi\u00e9n deber\u00e1n llegar las definiciones. Desde Naci\u00f3n siempre aseguraron que los protocolos presentados identificaban a menos de 2.000 alumnos que perdieron contacto con la escuela, frente a los 6.500 que esgrimen las autoridades porte\u00f1as. Tambi\u00e9n, que las propuestas no aclaraban que se limitar\u00edan a ese grupo, sino que hablaban de reapertura general, es decir para todos.<\/p>\n\n\n\n<p>Superadas las pol\u00e9micas, los distritos tambi\u00e9n deber\u00e1n organizar sus prioridades: los menores, los que terminan un ciclo, los que perdieron contacto con sus docentes. \u00bfQui\u00e9nes arrancan?<\/p>\n\n\n\n<p>El mi\u00e9rcoles, Trotta propuso que \"se pueda votar y construir consensos\".&nbsp; Y aclar\u00f3 que \"no se est\u00e1 discutiendo la vuelta a clases en la Ciudad de Buenos Aires, ya que no est\u00e1n dadas las condiciones\". \"Lo que plantea el Gobierno porte\u00f1o son actividades de revinculaci\u00f3n socioeducativas. Lo que se est\u00e1 discutiendo es para actividades que se pueden hacer con riesgo medio; si la Ciudad logra cumplir con ese \u00edndice se van a poder desplegar para los 6.500 chicos desvinculados y para los que est\u00e1n terminando el primario y secundario\", explic\u00f3.<\/p>\n","protected":false},"excerpt":{"rendered":"<p>El Consejo Federal de Educaci\u00f3n se reunir\u00e1 este jueves para anunciar el criterio epidemiol\u00f3gico con el cual se definir\u00e1 si cada provincia puede o no reabrir sus escuelas. La agenda de la Ciudad y el temor de algunos ministros provinciales, en la negociaci\u00f3n. Como si fuera una votaci\u00f3n en el Congreso, cada uno de los [&hellip;]<\/p>\n","protected":false},"author":5,"featured_media":270049,"comment_status":"open","ping_status":"open","sticky":false,"template":"","format":"standard","meta":{"_stopmodifiedupdate":false,"_modified_date":"","inline_featured_image":false,"spay_email":"","jetpack_publicize_message":""},"categories":[5],"tags":[],"jetpack_featured_media_url":"https:\/\/notinor.com\/jujuy\/wp-content\/uploads\/2020\/10\/clases.jpg","jetpack_publicize_connections":[],"_links":{"self":[{"href":"https:\/\/notinor.com\/jujuy\/wp-json\/wp\/v2\/posts\/270048"}],"collection":[{"href":"https:\/\/notinor.com\/jujuy\/wp-json\/wp\/v2\/posts"}],"about":[{"href":"https:\/\/notinor.com\/jujuy\/wp-json\/wp\/v2\/types\/post"}],"author":[{"embeddable":true,"href":"https:\/\/notinor.com\/jujuy\/wp-json\/wp\/v2\/users\/5"}],"replies":[{"embeddable":true,"href":"https:\/\/notinor.com\/jujuy\/wp-json\/wp\/v2\/comments?post=270048"}],"version-history":[{"count":1,"href":"https:\/\/notinor.com\/jujuy\/wp-json\/wp\/v2\/posts\/270048\/revisions"}],"predecessor-version":[{"id":270051,"href":"https:\/\/notinor.com\/jujuy\/wp-json\/wp\/v2\/posts\/270048\/revisions\/270051"}],"wp:featuredmedia":[{"embeddable":true,"href":"https:\/\/notinor.com\/jujuy\/wp-json\/wp\/v2\/media\/270049"}],"wp:attachment":[{"href":"https:\/\/notinor.com\/jujuy\/wp-json\/wp\/v2\/media?parent=270048"}],"wp:term":[{"taxonomy":"category","embeddable":true,"href":"https:\/\/notinor.com\/jujuy\/wp-json\/wp\/v2\/categories?post=270048"},{"taxonomy":"post_tag","embeddable":true,"href":"https:\/\/notinor.com\/jujuy\/wp-json\/wp\/v2\/tags?post=270048"}],"curies":[{"name":"wp","href":"https:\/\/api.w.org\/{rel}","templated":true}]}}